{"id":122767,"date":"2021-07-30T10:38:46","date_gmt":"2021-07-30T14:38:46","guid":{"rendered":"https:\/\/linitiative.ca\/International\/al-jayl-al-akhdar-une-strategie-au-service-de-la-terre-et-de-lhomme\/"},"modified":"2021-07-30T10:38:46","modified_gmt":"2021-07-30T14:38:46","slug":"al-jayl-al-akhdar-une-strategie-au-service-de-la-terre-et-de-lhomme","status":"publish","type":"post","link":"https:\/\/linitiative.ca\/International\/al-jayl-al-akhdar-une-strategie-au-service-de-la-terre-et-de-lhomme\/","title":{"rendered":"Al Jayl Al Akhdar, une strat\u00e9gie au service  de la terre et de l\u2019homme"},"content":{"rendered":"<div>\n<p><strong>Cette strat\u00e9gie, qui repose sur le socle du Plan Maroc Vert, pr\u00e9sente moult avantages au niveau social, dans la mesure o\u00f9 elle apporte des solutions pour l\u2019agriculteur mais \u00e9galement pour le d\u00e9veloppement et la dynamisation du secteur agricole, en plus de contribuer \u00e0 la s\u00e9curit\u00e9 alimentaire du Royaume.<\/strong><span id=\"more-382991\"><\/span>Allier performance \u00e9conomique et impact social, c\u2019est le d\u00e9fi relev\u00e9 aujourd\u2019hui par la strat\u00e9gie Al Jayl Al Akhdar. Etant l\u2019h\u00e9riti\u00e8re du Plan Maroc Vert qui a permis \u00e0 l\u2019agriculture marocaine de d\u00e9finitivement asseoir sa supr\u00e9matie, Al Jayl Al Akhdar aspire \u00e0 continuer sur la m\u00eame lanc\u00e9e tout en pla\u00e7ant l\u2019\u00e9l\u00e9ment humain au c\u0153ur du chantier. Car plus qu\u2019une strat\u00e9gie \u00e9conomique, Al Jayl Al Akhdar rev\u00eat une dimension sociale. Dans ce sens, le ministre de l\u2019agriculture, de la p\u00eache maritime, du d\u00e9veloppement rural et des eaux et for\u00eats, Aziz Akhannouch, avait indiqu\u00e9 que l\u2019\u00e9l\u00e9ment social constitue l\u2019un des traits les plus saillants de la strat\u00e9gie G\u00e9n\u00e9ration Green (2020-2030), con\u00e7ue et \u00e9labor\u00e9e conform\u00e9ment aux Hautes orientations de SM le Roi Mohammed VI.<\/p>\n<p>Le ministre avait expliqu\u00e9 que cette strat\u00e9gie, qui repose sur le socle du Plan Maroc Vert, pr\u00e9sente moult avantages au niveau social, dans la mesure o\u00f9 elle apporte des solutions pour l\u2019agriculteur mais \u00e9galement pour le d\u00e9veloppement et la dynamisation du secteur agricole, en plus de contribuer \u00e0 la s\u00e9curit\u00e9 alimentaire du Royaume. Ladite strat\u00e9gie, a-t-il poursuivi, b\u00e9n\u00e9ficiera \u00e0 un grand nombre de la population rurale pour qu\u2019elle devienne une classe moyenne agricole et permettra \u00e9galement l\u2019acc\u00e8s de 400.000 m\u00e9nages agricoles \u00e0 cette m\u00eame classe. \u00c9voquant le volet financement, le ministre a not\u00e9 que la strat\u00e9gie b\u00e9n\u00e9ficiera de l\u2019appui de la Banque mondiale. \u00ab800 millions de dollars sont d\u00e9j\u00e0 disponibles pour financer ce plan\u00bb, a-t-il dit, ajoutant que le Cr\u00e9dit Agricole du Maroc accompagnera les dispositions de cette strat\u00e9gie importante dans son volet portant sur l\u2019\u00e9l\u00e9ment humain et sur la classe moyenne rurale, \u00e0 travers le d\u00e9ploiement d\u2019une offre destin\u00e9e aux jeunes porteurs de projets dans le monde rural.<\/p>\n<p>Les jeunes sont ainsi au c\u0153ur des pr\u00e9occupations. Mais la classe moyenne n\u2019est pas en reste car la strat\u00e9gie aspire \u00e9galement \u00e0 l\u2019\u00e9mergence d\u2019une classe moyenne dans le monde rural. En effet, la nouvelle vision strat\u00e9gique du secteur agricole a \u00e9t\u00e9 \u00e9labor\u00e9e conform\u00e9ment aux Hautes orientations royales contenues dans le discours du Souverain \u00e0 l\u2019occasion de l\u2019ouverture de la 1\u00e8re session de la 3\u00e8me ann\u00e9e l\u00e9gislative de la 10\u00e8me l\u00e9gislature (12 octobre 2018). Dans ce discours SM le Roi avait appel\u00e9 \u00ab\u00e0 une consolidation des acquis r\u00e9alis\u00e9s dans le domaine agricole et \u00e0 la cr\u00e9ation de nouvelles activit\u00e9s g\u00e9n\u00e9ratrices d\u2019emplois et de revenus, notamment en faveur des jeunes en milieu rural\u00bb, en vue de \u00abfavoriser l\u2019\u00e9mergence d\u2019une classe moyenne agricole, d\u2019en consolider l\u2019ossature pour qu\u2019en d\u00e9finitive, elle puisse exercer sa double vocation de facteur d\u2019\u00e9quilibre et de levier de d\u00e9veloppement socio-\u00e9conomique, \u00e0 l\u2019image de la classe moyenne urbaine et du r\u00f4le cl\u00e9 qui lui est d\u00e9volu\u00bb.<\/p>\n<p>Selon M. Akhannouch qui s\u2019exprimait lors de la pr\u00e9sentation de la strat\u00e9gie, le secteur agricole marocain ambitionne de franchir un nouveau palier dans son d\u00e9veloppement, faisant observer que la nouvelle strat\u00e9gie agricole se base sur deux grands fondements, \u00e0 savoir la valorisation de l\u2019\u00e9l\u00e9ment humain, conform\u00e9ment aux Hautes orientations royales, et cela \u00e0 travers l\u2019\u00e9mergence d\u2019une nouvelle g\u00e9n\u00e9ration de classe moyenne agricole (350.000 \u00e0 400.000 m\u00e9nages), et la naissance d\u2019une nouvelle g\u00e9n\u00e9ration de jeunes entrepreneurs, via la mobilisation et la valorisation d\u2019un million d\u2019hectares de terres collectives et la cr\u00e9ation de 350.000 postes d\u2019emploi au profit des jeunes. Cette classe moyenne et ces jeunes agriculteurs pourront \u00e9galement recourir \u00e0 une nouvelle g\u00e9n\u00e9ration d\u2019organisations agricoles plus innovantes et b\u00e9n\u00e9ficier de nouvelles mesures d\u2019accompagnement leur permettant de renforcer leurs comp\u00e9tences, avait assur\u00e9 le ministre.<\/p>\n<p>Il faut pr\u00e9ciser que la nouvelle strat\u00e9gie de d\u00e9veloppement du secteur agricole, baptis\u00e9e \u00abAl Jayl Al Akhdar 2020-2030\u00bb, se base sur deux principaux fondements, \u00e0 savoir la valorisation de l\u2019\u00e9l\u00e9ment humain, en particulier les jeunes, et la poursuite de la dynamique de d\u00e9veloppement du secteur, en favorisant le d\u00e9veloppement humain et social.<\/p>\n<\/div>\n<p>Auteur: ALM<br \/>\n<a href=\"https:\/\/aujourdhui.ma\/economie\/al-jayl-al-akhdar-une-strategie-au-service-de-la-terre-et-de-lhomme\">Cliquez ici pour lire l&rsquo;article depuis sa source.<\/a><\/p>\n","protected":false},"excerpt":{"rendered":"<p>Cette strat\u00e9gie, qui repose sur le socle du Plan Maroc Vert, pr\u00e9sente moult avantages au niveau social, dans la mesure o\u00f9 elle apporte des solutions pour l\u2019agriculteur mais \u00e9galement pour le d\u00e9veloppement et la dynamisation du secteur agricole, en plus de contribuer \u00e0 la s\u00e9curit\u00e9 alimentaire du Royaume.Allier performance \u00e9conomique et impact social, c\u2019est le [&hellip;]<\/p>\n","protected":false},"author":1759,"featured_media":0,"comment_status":"closed","ping_status":"closed","sticky":false,"template":"","format":"standard","meta":{"fifu_image_url":"","fifu_image_alt":"","footnotes":""},"categories":[73,54],"tags":[],"class_list":["post-122767","post","type-post","status-publish","format-standard","hentry","category-actualite","category-maroc"],"_links":{"self":[{"href":"https:\/\/linitiative.ca\/International\/wp-json\/wp\/v2\/posts\/122767","targetHints":{"allow":["GET"]}}],"collection":[{"href":"https:\/\/linitiative.ca\/International\/wp-json\/wp\/v2\/posts"}],"about":[{"href":"https:\/\/linitiative.ca\/International\/wp-json\/wp\/v2\/types\/post"}],"author":[{"embeddable":true,"href":"https:\/\/linitiative.ca\/International\/wp-json\/wp\/v2\/users\/1759"}],"replies":[{"embeddable":true,"href":"https:\/\/linitiative.ca\/International\/wp-json\/wp\/v2\/comments?post=122767"}],"version-history":[{"count":0,"href":"https:\/\/linitiative.ca\/International\/wp-json\/wp\/v2\/posts\/122767\/revisions"}],"wp:attachment":[{"href":"https:\/\/linitiative.ca\/International\/wp-json\/wp\/v2\/media?parent=122767"}],"wp:term":[{"taxonomy":"category","embeddable":true,"href":"https:\/\/linitiative.ca\/International\/wp-json\/wp\/v2\/categories?post=122767"},{"taxonomy":"post_tag","embeddable":true,"href":"https:\/\/linitiative.ca\/International\/wp-json\/wp\/v2\/tags?post=122767"}],"curies":[{"name":"wp","href":"https:\/\/api.w.org\/{rel}","templated":true}]}}