{"id":122770,"date":"2021-07-30T11:34:06","date_gmt":"2021-07-30T15:34:06","guid":{"rendered":"https:\/\/linitiative.ca\/International\/decathlon-jusqua-34-000-actions-reservees-aux-salaries\/"},"modified":"2021-07-30T11:34:06","modified_gmt":"2021-07-30T15:34:06","slug":"decathlon-jusqua-34-000-actions-reservees-aux-salaries","status":"publish","type":"post","link":"https:\/\/linitiative.ca\/International\/decathlon-jusqua-34-000-actions-reservees-aux-salaries\/","title":{"rendered":"D\u00e9cathlon: Jusqu\u2019\u00e0 34.000 actions r\u00e9serv\u00e9es aux salari\u00e9s"},"content":{"rendered":"<div>\n<p><img decoding=\"async\" width=\"300\" height=\"153\" src=\"https:\/\/linitiative.ca\/International\/wp-content\/uploads\/sites\/23\/2021\/07\/Decathlon-300x153-1.jpg\" class=\"attachment-medium size-medium wp-post-image\" alt=\"\" loading=\"lazy\" srcset=\"\/\/aujourdhui.ma\/wp-content\/uploads\/2016\/07\/Decathlon-300x153.jpg 300w, \/\/aujourdhui.ma\/wp-content\/uploads\/2016\/07\/Decathlon.jpg 746w\" sizes=\"auto, (max-width: 300px) 100vw, 300px\"><\/p>\n<p><strong>Un prospectus relatif \u00e0 une offre de souscription d\u2019actions de la soci\u00e9t\u00e9 \u00ab\u00a0D\u00e9cathlon International Shareholding Plan (DISP)\u00a0\u00bb vient d\u2019\u00eatre vis\u00e9.<\/strong> <span id=\"more-382997\"><\/span>L\u2019annonce vient d\u2019\u00eatre faite par l\u2019Autorit\u00e9 Marocaine du March\u00e9 des Capitaux (AMMC) qui pr\u00e9cise que cette offre est r\u00e9serv\u00e9e aux salari\u00e9s de Decapro Maroc, Proxyline et D\u00e9cathlon R\u00e9gional Support.<\/p>\n<p>\u00ab\u00a0Cette op\u00e9ration sera r\u00e9alis\u00e9e par la cession d\u2019un maximum de 34.000 actions au prix unitaire de 21,42 euros soit 226,96 dirhams\u00a0\u00bb, d\u00e9taille l\u2019Autorit\u00e9. Pour rappel, la p\u00e9riode de souscription s\u2019\u00e9tablira, selon la m\u00eame source, du 2 au 7 ao\u00fbt 2021 inclus.<\/p>\n<\/div>\n<p>Auteur: ALM<br \/>\n<a href=\"https:\/\/aujourdhui.ma\/actualite\/decathlon-jusqua-34-000-actions-reservees-aux-salaries\">Cliquez ici pour lire l&rsquo;article depuis sa source.<\/a><\/p>\n","protected":false},"excerpt":{"rendered":"<p>Un prospectus relatif \u00e0 une offre de souscription d\u2019actions de la soci\u00e9t\u00e9 \u00ab\u00a0D\u00e9cathlon International Shareholding Plan (DISP)\u00a0\u00bb vient d\u2019\u00eatre vis\u00e9. L\u2019annonce vient d\u2019\u00eatre faite par l\u2019Autorit\u00e9 Marocaine du March\u00e9 des Capitaux (AMMC) qui pr\u00e9cise que cette offre est r\u00e9serv\u00e9e aux salari\u00e9s de Decapro Maroc, Proxyline et D\u00e9cathlon R\u00e9gional Support. \u00ab\u00a0Cette op\u00e9ration sera r\u00e9alis\u00e9e par la [&hellip;]<\/p>\n","protected":false},"author":1759,"featured_media":0,"comment_status":"closed","ping_status":"closed","sticky":false,"template":"","format":"standard","meta":{"fifu_image_url":"https:\/\/aujourdhui.ma\/wp-content\/uploads\/2016\/07\/Decathlon-300x153.jpg","fifu_image_alt":"D\u00e9cathlon: Jusqu\u2019\u00e0 34.000 actions r\u00e9serv\u00e9es aux salari\u00e9s","footnotes":""},"categories":[73,54],"tags":[],"class_list":["post-122770","post","type-post","status-publish","format-standard","hentry","category-actualite","category-maroc"],"_links":{"self":[{"href":"https:\/\/linitiative.ca\/International\/wp-json\/wp\/v2\/posts\/122770","targetHints":{"allow":["GET"]}}],"collection":[{"href":"https:\/\/linitiative.ca\/International\/wp-json\/wp\/v2\/posts"}],"about":[{"href":"https:\/\/linitiative.ca\/International\/wp-json\/wp\/v2\/types\/post"}],"author":[{"embeddable":true,"href":"https:\/\/linitiative.ca\/International\/wp-json\/wp\/v2\/users\/1759"}],"replies":[{"embeddable":true,"href":"https:\/\/linitiative.ca\/International\/wp-json\/wp\/v2\/comments?post=122770"}],"version-history":[{"count":0,"href":"https:\/\/linitiative.ca\/International\/wp-json\/wp\/v2\/posts\/122770\/revisions"}],"wp:attachment":[{"href":"https:\/\/linitiative.ca\/International\/wp-json\/wp\/v2\/media?parent=122770"}],"wp:term":[{"taxonomy":"category","embeddable":true,"href":"https:\/\/linitiative.ca\/International\/wp-json\/wp\/v2\/categories?post=122770"},{"taxonomy":"post_tag","embeddable":true,"href":"https:\/\/linitiative.ca\/International\/wp-json\/wp\/v2\/tags?post=122770"}],"curies":[{"name":"wp","href":"https:\/\/api.w.org\/{rel}","templated":true}]}}