{"id":122772,"date":"2021-07-30T11:39:08","date_gmt":"2021-07-30T15:39:08","guid":{"rendered":"https:\/\/linitiative.ca\/International\/tunisie-lhopital-de-campagne-marocain-a-manouba-operationnel\/"},"modified":"2021-07-30T11:39:08","modified_gmt":"2021-07-30T15:39:08","slug":"tunisie-lhopital-de-campagne-marocain-a-manouba-operationnel","status":"publish","type":"post","link":"https:\/\/linitiative.ca\/International\/tunisie-lhopital-de-campagne-marocain-a-manouba-operationnel\/","title":{"rendered":"Tunisie : L\u2019h\u00f4pital de campagne marocain \u00e0 Manouba op\u00e9rationnel"},"content":{"rendered":"<div>\n<p><img decoding=\"async\" width=\"300\" height=\"153\" src=\"https:\/\/linitiative.ca\/International\/wp-content\/uploads\/sites\/23\/2021\/07\/HC3B4pital-militaire-marocain-C3A0-Beyrouth-300x153-1.jpg\" class=\"attachment-medium size-medium wp-post-image\" alt=\"\" loading=\"lazy\" srcset=\"\/\/aujourdhui.ma\/wp-content\/uploads\/2020\/09\/H\u00f4pital-militaire-marocain-\u00e0-Beyrouth-300x153.jpg 300w, \/\/aujourdhui.ma\/wp-content\/uploads\/2020\/09\/H\u00f4pital-militaire-marocain-\u00e0-Beyrouth-274x140.jpg 274w, \/\/aujourdhui.ma\/wp-content\/uploads\/2020\/09\/H\u00f4pital-militaire-marocain-\u00e0-Beyrouth.jpg 746w, \/\/aujourdhui.ma\/wp-content\/uploads\/2020\/09\/H\u00f4pital-militaire-marocain-\u00e0-Beyrouth-165x84.jpg 165w, \/\/aujourdhui.ma\/wp-content\/uploads\/2020\/09\/H\u00f4pital-militaire-marocain-\u00e0-Beyrouth-702x358.jpg 702w\" sizes=\"auto, (max-width: 300px) 100vw, 300px\"><\/p>\n<p><strong>Chose promise, chose due. L\u2019h\u00f4pital de campagne marocain \u00e0 Manouba a \u00e9t\u00e9 inaugur\u00e9 ce jeudi. Cette initiative intervient dans le cadre de l\u2019aide m\u00e9dicale d\u2019urgence envoy\u00e9e par le Maroc \u00e0 la Tunisie sur Hautes instructions de SM le Roi Mohammed VI.<\/strong><span id=\"more-382999\"><\/span><\/p>\n<p>Dans le d\u00e9tail, il s\u2019agit de deux h\u00f4pitaux d\u2019une capacit\u00e9 totale de 100 lits (dot\u00e9s d\u2019un \u00e9quipement moderne) dont une unit\u00e9 de 50 lits d\u2019oxyg\u00e8ne et une autre de 50 lits de r\u00e9animation. Install\u00e9 dans le gouvernorat de Manouba, \u00e0 environ 14 kilom\u00e8tres de la capitale Tunis, cet h\u00f4pital de campagne permettra de r\u00e9duire la pression que connaissent actuellement les \u00e9tablissements sanitaires du pays en raison de l\u2019augmentation fulgurante des cas de contamination au Coronavirus. Lors de cette inauguration l\u2019ambassadeur du Royaume en Tunisie, Hassan Tariq, a rappel\u00e9 que le Souverain a donn\u00e9 ses Hautes instructions, le 13 juillet dernier, pour envoyer une aide m\u00e9dicale d\u2019urgence afin de soutenir les autorit\u00e9s tunisiennes dans leur lutte contre la pand\u00e9mie du Coronavirus. Il a \u00e9galement indiqu\u00e9 que du 13 au 29 juillet, un pont a\u00e9rien a \u00e9t\u00e9 \u00e9tabli entre le Maroc et la Tunisie sur une dur\u00e9e de cinq jours et la derni\u00e8re cargaison a \u00e9t\u00e9 achemin\u00e9e le 19 juillet, soulignant que ce jour \u00ab\u00a0\u00e9tait marqu\u00e9 par la visite importante du Pr\u00e9sident tunisien Son Excellence Ka\u00efs Sa\u00efed\u00a0 \u00e0 cet h\u00f4pital\u00bb.<\/p>\n<p>\u00ab\u00a0C\u2019est un moment empreint de sentiments humains qui confirment les valeurs de solidarit\u00e9 agissante entre le Maroc et la Tunisie\u00a0\u00bb a affirm\u00e9 le diplomate marocain, ajoutant que la date d\u2019inauguration de cet h\u00f4pital de campagne co\u00efncide avec la comm\u00e9moration par les Marocains de la glorieuse f\u00eate du Tr\u00f4ne. \u00ab\u00a0Ce soutien qui r\u00e9sulte d\u2019une initiative royale est une aide spontan\u00e9e et r\u00e9pond aux besoins du syst\u00e8me de sant\u00e9 tunisien\u00a0\u00bb, pr\u00e9cise-t-il relevant que \u00ab\u00a0le pont de solidarit\u00e9 existera toujours entre les deux pays\u00a0\u00bb. Notons par ailleurs que l\u2019inauguration de cet h\u00f4pital de campagne marocain s\u2019est d\u00e9roul\u00e9e en pr\u00e9sence de plusieurs personnalit\u00e9s et responsables tunisiens, notamment Othman Jerandi, ministre des Affaires \u00e9trang\u00e8res, de la Migration et des Tunisiens \u00e0 l\u2019\u00e9tranger, Mohamed Trabelsi, ministre de la Sant\u00e9 par int\u00e9rim, Mustapha Ferjani, directeur g\u00e9n\u00e9ral de la sant\u00e9 militaire, Mohamed Cheikhrouhou, gouverneur de Manouba, Hajer Missaoui, directrice r\u00e9gionale de la sant\u00e9 \u00e0 Manouba et le pr\u00e9sident de la municipalit\u00e9 de Manouba, en plus de l\u2019Ambassadeur du Maroc en Tunisie, Hassan Tariq.<\/p>\n<\/div>\n<p>Auteur: ALM<br \/>\n<a href=\"https:\/\/aujourdhui.ma\/actualite\/tunisie-lhopital-de-campagne-marocain-a-manouba-operationnel\">Cliquez ici pour lire l&rsquo;article depuis sa source.<\/a><\/p>\n","protected":false},"excerpt":{"rendered":"<p>Chose promise, chose due. L\u2019h\u00f4pital de campagne marocain \u00e0 Manouba a \u00e9t\u00e9 inaugur\u00e9 ce jeudi. Cette initiative intervient dans le cadre de l\u2019aide m\u00e9dicale d\u2019urgence envoy\u00e9e par le Maroc \u00e0 la Tunisie sur Hautes instructions de SM le Roi Mohammed VI. Dans le d\u00e9tail, il s\u2019agit de deux h\u00f4pitaux d\u2019une capacit\u00e9 totale de 100 lits [&hellip;]<\/p>\n","protected":false},"author":1759,"featured_media":0,"comment_status":"closed","ping_status":"closed","sticky":false,"template":"","format":"standard","meta":{"fifu_image_url":"https:\/\/aujourdhui.ma\/wp-content\/uploads\/2020\/09\/H\u00f4pital-militaire-marocain-\u00e0-Beyrouth-300x153.jpg","fifu_image_alt":"Tunisie : L\u2019h\u00f4pital de campagne marocain \u00e0 Manouba op\u00e9rationnel","footnotes":""},"categories":[73,54],"tags":[],"class_list":["post-122772","post","type-post","status-publish","format-standard","hentry","category-actualite","category-maroc"],"_links":{"self":[{"href":"https:\/\/linitiative.ca\/International\/wp-json\/wp\/v2\/posts\/122772","targetHints":{"allow":["GET"]}}],"collection":[{"href":"https:\/\/linitiative.ca\/International\/wp-json\/wp\/v2\/posts"}],"about":[{"href":"https:\/\/linitiative.ca\/International\/wp-json\/wp\/v2\/types\/post"}],"author":[{"embeddable":true,"href":"https:\/\/linitiative.ca\/International\/wp-json\/wp\/v2\/users\/1759"}],"replies":[{"embeddable":true,"href":"https:\/\/linitiative.ca\/International\/wp-json\/wp\/v2\/comments?post=122772"}],"version-history":[{"count":0,"href":"https:\/\/linitiative.ca\/International\/wp-json\/wp\/v2\/posts\/122772\/revisions"}],"wp:attachment":[{"href":"https:\/\/linitiative.ca\/International\/wp-json\/wp\/v2\/media?parent=122772"}],"wp:term":[{"taxonomy":"category","embeddable":true,"href":"https:\/\/linitiative.ca\/International\/wp-json\/wp\/v2\/categories?post=122772"},{"taxonomy":"post_tag","embeddable":true,"href":"https:\/\/linitiative.ca\/International\/wp-json\/wp\/v2\/tags?post=122772"}],"curies":[{"name":"wp","href":"https:\/\/api.w.org\/{rel}","templated":true}]}}