{"id":122775,"date":"2021-07-29T12:00:00","date_gmt":"2021-07-29T16:00:00","guid":{"rendered":"https:\/\/linitiative.ca\/International\/forte-mobilisation-pour-la-defense-de-lintegrite-territoriale-du-royaume\/"},"modified":"2021-07-29T12:00:00","modified_gmt":"2021-07-29T16:00:00","slug":"forte-mobilisation-pour-la-defense-de-lintegrite-territoriale-du-royaume","status":"publish","type":"post","link":"https:\/\/linitiative.ca\/International\/forte-mobilisation-pour-la-defense-de-lintegrite-territoriale-du-royaume\/","title":{"rendered":"Forte  mobilisation pour la d\u00e9fense de l\u2019int\u00e9grit\u00e9 territoriale du Royaume"},"content":{"rendered":"<div>\n<p class=\"has-text-align-center has-vivid-red-color has-text-color\"><strong>Parlement marocain<\/strong><\/p>\n<p class=\"has-text-align-right\"><strong>Khalid Darfaf<\/strong><\/p>\n<p class=\"has-white-color has-text-color has-background\" style=\"background-color:#06a5e5\"><strong>Pour le moins que l\u2019on puisse dire de la dixi\u00e8me l\u00e9gislature qui a pris fin\u00a0 le 15 juillet 2021, c\u2019est que la l\u2019action parlementaire s\u2019est caract\u00e9ris\u00e9e par un dynamisme renouvel\u00e9 pour la d\u00e9fense de l\u2019int\u00e9grit\u00e9 territoriale du Royaume et de ses int\u00e9r\u00eats vitaux.<\/strong><\/p>\n<p>Il faut dire aussi que \u00ables Parlementaire ont fait montre d\u2019une conscience accrue du r\u00f4le\u00a0 de la diplomatie parlementaire tout en se mobilisant derri\u00e8re SM le Roi Mohammed VI,\u00a0 qui gr\u00e2ce \u00e0 son leadership, a fait preuve d\u2019une\u00a0 vision courageuse et anticipatrice dans la gestion de notre cause nationale\u00bb, d\u00e9clare \u00e0 Al Bayane, Aicha Lablaq, pr\u00e9sidente du Groupement parlementaire du progr\u00e8s et du socialisme (GPPS).<\/p>\n<p>Sans sombrer dans une approche nihiliste et contrairement aux id\u00e9es re\u00e7ues, la d\u00e9put\u00e9e du Parti du progr\u00e8s et du socialisme (PPS) souligne que les parlementaires n\u2019ont pas l\u00e9sin\u00e9 sur les moyens pour contrecarrer les hostilit\u00e9s de certains milieux \u00e9trangers, comme le t\u00e9moigne les multiples sessions parlementaires. D\u2019ailleurs, a-t-elle insist\u00e9, le Parlement jouit d\u2019une grande cr\u00e9dibilit\u00e9 aupr\u00e8s de nos partenaires \u00e9trangers, en citant dans ce sens le projet d\u2019appui au d\u00e9veloppement du r\u00f4le du Parlement dans la consolidation de la d\u00e9mocratie au Maroc, pilot\u00e9 par le Conseil d\u2019Europe.<\/p>\n<p>Il faut dire selon notre interlocutrice , que malgr\u00e9 les difficult\u00e9s qui sont dues au retard enregistr\u00e9 en mati\u00e8re de la formation du gouvernement ou les effets fatidiques g\u00e9n\u00e9r\u00e9s par la pand\u00e9mie, le Parlement n\u2019a pas du tout failli \u00e0 sa mission constitutionnelle aussi bien au niveau de la l\u00e9gif\u00e9ration, le contr\u00f4le de l\u2019action de l\u2019Ex\u00e9cutif ou encore\u00a0 l\u2019\u00e9valuation des politiques publiques\u2026<\/p>\n<p>Ainsi, la militante du Parti du Livre a\u00a0 tenu de souligner que\u00a0 sa formation parlementaire a toujours \u0153uvr\u00e9 pour l\u2019am\u00e9lioration de l\u2019action parlementaire en contribuant qualitativement et activement \u00e0 l\u2019ensemble des travaux de l\u2019institution l\u00e9gislative.<\/p>\n<p>Comme quoi, le retrait du Parti d\u2019un gouvernement qui fait d\u00e9faut d\u2019un\u00a0 \u00e9lan r\u00e9formateur n\u2019a pas du tout impact\u00e9 l\u2019action du GPPS, qui a toujours \u0153uvr\u00e9 pour am\u00e9liorer l\u2019action l\u00e9gislative en arborant une approche critique, constructive et objective.<\/p>\n<p class=\"has-vivid-red-color has-text-color\"><strong>Le GPPS, une force de proposition<\/strong><\/p>\n<p>En termes plus clairs, le GPPS \u00e9tait toujours pr\u00e9sents dans les d\u00e9bats d\u00e9terminants concernant le d\u00e9bat, l\u2019introduction des amendements sur les projets de loi qui sont\u00a0 structurants, comme ce fut le cas lors du d\u00e9bat portant sur la loi cadre de l\u2019enseignement ou la loi relative \u00e0 l\u2019officialisation de l\u2019amazigh.\u00a0 En termes plus clairs, le GPPS a donn\u00e9 un nouveau souffle \u00e0 l\u2019action de l\u2019opposition dans le Parlement tout en consolidant sa coordination avec les autres formations parlementaires de l\u2019opposition,\u00a0 \u00e0 savoir le Parti de l\u2019Istiqlal (PI) et le Parti Authenticit\u00e9 et Modernit\u00e9 (PAM).<\/p>\n<p>Il faut il pr\u00e9ciser, a-t-elle, martel\u00e9\u00a0 que l GPPS a fait de la d\u00e9fense des pr\u00e9occupations citoyens, une priorit\u00e9 de son agenda. Argument \u00e0 l\u2019appui, Aicha Lablaq cite \u00e0 titre exemple les m\u00e9morandums adress\u00e9s au gouvernement portant sur le sort de l\u2019ann\u00e9e scolaire ou celui portant sur la d\u00e9fense des familles d\u00e9favoris\u00e9s et qui ont souffert des mesures de restrictions sanitaires. Et ce n\u2019est pas tout, la d\u00e9put\u00e9e du PPS a cit\u00e9 dans ce sens le discours royal prononc\u00e9\u00a0 \u00e0 l\u2019occasion de l\u2019ouverture de la 1 e session de la 5 ann\u00e9e l\u00e9gislative de la 10 e\u00a0 l\u00e9gislature et qui trac\u00e9 les contours des grands chantiers du Royaume tout en mettant l\u2019accent sur les conditions de la relace \u00e9conomique ; et ce on soulignant l\u2019imp\u00e9ratif des r\u00e8gles de bonne gouvernance et la n\u00e9cessit\u00e9 de r\u00e9former les \u00e9tablissements du secteur public.<\/p>\n<p>Pour la pr\u00e9sidente du GPPS, les d\u00e9put\u00e9s du PPS ont tenu \u00e0 contribuer, par leurs id\u00e9es et propositions, \u00e0 tous les d\u00e9bats portant sur le projet\u00a0 de loi-cadre n\u00b009.21 relatif \u00e0 la protection sociale, le projet de loi-cadre portant r\u00e9forme fiscale ou encore celui de l\u2019Agence nationale de gestion strat\u00e9gique des participations de l\u2019Etat\u2026<\/p>\n<p>\u00abLe GPPS a tenu durant tout ce mandant l\u00e9gislatif, \u00e0 assumer sa mission avec un esprit de responsabilit\u00e9 en menant son travail avec abn\u00e9gation tout en \u00e9tant fid\u00e8le aux valeurs de notre parti, notamment de placer les revendications des\u00a0 citoyens au c\u0153ur de l\u2019action politique\u00bb, a-t-elle not\u00e9 en substance. Les chiffres indiquent que le GPPS a d\u00e9pos\u00e9 environ 40 propositions de loi sur 257 au niveau de la Chambre des repr\u00e9sentants. Il s\u2019agit d\u2019une formation parlementaire la plus dynamique, et ce de l\u2019avis des observateurs. D\u2019ailleurs, au niveau des propositions de loi, le GPPS se situe le deuxi\u00e8me au Parlement.<\/p>\n<p>Malheureusement, a-t-elle, poursuivi, c\u2019est que le gouvernement a affich\u00e9 une faible r\u00e9activit\u00e9 avec les parlementaires. Autrement dit, on a enregistr\u00e9 une interaction tr\u00e8s faible de l\u2019Ex\u00e9cutif avec les propositions des lois \u00e9manant des repr\u00e9sentants de la nation.\u00a0 Argument \u00e0 l\u2019appui, les propositions de lois adopt\u00e9es ne d\u00e9passent \u00e0 pine les 7% des 330 textes juridiques vot\u00e9s. La militante du PPS a regrett\u00e9 dans ce sens la position du gouvernement \u00e0 l\u2019\u00e9gard de deux propositions de loi portant sur le plafonnement des prix des hydrocarbures et le transfert des actifs de la Samir \u00e0 l\u2019Etat. Pour elle, il s\u2019agit d\u2019une attitude aberrante voire incompr\u00e9hensible.<\/p>\n<p>En plus ce cela, notre interlocutrice a regrett\u00e9 le fait que plusieurs missions d\u2019information n\u2019ont pas abouti leurs missions tout en appelant \u00e0 la mise en place des m\u00e9canismes efficaces en vue de suivre et contr\u00f4ler l\u2019action de l\u2019Ex\u00e9cutif, conform\u00e9ment au principe constitutionnel de la reddition des comptes et de la responsabilit\u00e9\u2026<\/p>\n<p>L\u2019article <a rel=\"nofollow\" href=\"http:\/\/albayane.press.ma\/forte-mobilisation-pour-la-defense-de-lintegrite-territoriale-du-royaume.html\">Forte  mobilisation pour la d\u00e9fense de l\u2019int\u00e9grit\u00e9 territoriale du Royaume<\/a> est apparu en premier sur <a rel=\"nofollow\" href=\"http:\/\/albayane.press.ma\/\">ALBAYANE<\/a>.<\/p>\n<\/div>\n<p>Auteur: M&rsquo;hammed rahal<br \/>\n<a href=\"http:\/\/albayane.press.ma\/forte-mobilisation-pour-la-defense-de-lintegrite-territoriale-du-royaume.html\">Cliquez ici pour lire l&rsquo;article depuis sa source.<\/a><\/p>\n","protected":false},"excerpt":{"rendered":"<p>Parlement marocain Khalid Darfaf Pour le moins que l\u2019on puisse dire de la dixi\u00e8me l\u00e9gislature qui a pris fin\u00a0 le 15 juillet 2021, c\u2019est que la l\u2019action parlementaire s\u2019est caract\u00e9ris\u00e9e par un dynamisme renouvel\u00e9 pour la d\u00e9fense de l\u2019int\u00e9grit\u00e9 territoriale du Royaume et de ses int\u00e9r\u00eats vitaux. Il faut dire aussi que \u00ables Parlementaire ont [&hellip;]<\/p>\n","protected":false},"author":1760,"featured_media":0,"comment_status":"closed","ping_status":"closed","sticky":false,"template":"","format":"standard","meta":{"fifu_image_url":"","fifu_image_alt":"","footnotes":""},"categories":[73,54],"tags":[],"class_list":["post-122775","post","type-post","status-publish","format-standard","hentry","category-actualite","category-maroc"],"_links":{"self":[{"href":"https:\/\/linitiative.ca\/International\/wp-json\/wp\/v2\/posts\/122775","targetHints":{"allow":["GET"]}}],"collection":[{"href":"https:\/\/linitiative.ca\/International\/wp-json\/wp\/v2\/posts"}],"about":[{"href":"https:\/\/linitiative.ca\/International\/wp-json\/wp\/v2\/types\/post"}],"author":[{"embeddable":true,"href":"https:\/\/linitiative.ca\/International\/wp-json\/wp\/v2\/users\/1760"}],"replies":[{"embeddable":true,"href":"https:\/\/linitiative.ca\/International\/wp-json\/wp\/v2\/comments?post=122775"}],"version-history":[{"count":0,"href":"https:\/\/linitiative.ca\/International\/wp-json\/wp\/v2\/posts\/122775\/revisions"}],"wp:attachment":[{"href":"https:\/\/linitiative.ca\/International\/wp-json\/wp\/v2\/media?parent=122775"}],"wp:term":[{"taxonomy":"category","embeddable":true,"href":"https:\/\/linitiative.ca\/International\/wp-json\/wp\/v2\/categories?post=122775"},{"taxonomy":"post_tag","embeddable":true,"href":"https:\/\/linitiative.ca\/International\/wp-json\/wp\/v2\/tags?post=122775"}],"curies":[{"name":"wp","href":"https:\/\/api.w.org\/{rel}","templated":true}]}}