{"id":122776,"date":"2021-07-29T12:05:00","date_gmt":"2021-07-29T16:05:00","guid":{"rendered":"https:\/\/linitiative.ca\/International\/joey-hood-le-partenariat-strategique-usa-maroc-gagne-en-solidite\/"},"modified":"2021-07-29T12:05:00","modified_gmt":"2021-07-29T16:05:00","slug":"joey-hood-le-partenariat-strategique-usa-maroc-gagne-en-solidite","status":"publish","type":"post","link":"https:\/\/linitiative.ca\/International\/joey-hood-le-partenariat-strategique-usa-maroc-gagne-en-solidite\/","title":{"rendered":"Joey Hood: \u00able partenariat strat\u00e9gique USA-Maroc gagne en solidit\u00e9\u00bb"},"content":{"rendered":"<div>\n<p class=\"has-text-align-center has-vivid-red-color has-text-color\"><strong>Sous le leadership de SM le Roi<\/strong><\/p>\n<p class=\"has-vivid-cyan-blue-color has-text-color\"><strong>Le partenariat strat\u00e9gique entre le Maroc et les \u00c9tats-Unis ne cesse de gagner en solidit\u00e9, sous le leadership de Sa Majest\u00e9 le Roi Mohammed VI, a soulign\u00e9, mercredi \u00e0 Rabat, le secr\u00e9taire d\u2019\u00c9tat adjoint am\u00e9ricain par int\u00e9rim pour le Proche-Orient, M. Joey Hood.<\/strong><\/p>\n<p>S\u2019exprimant lors d\u2019une conf\u00e9rence de presse tenue \u00e0 l\u2019issue de ses entretiens avec le ministre des Affaires \u00e9trang\u00e8res, de la coop\u00e9ration africaine et des Marocains r\u00e9sidant \u00e0 l\u2019\u00e9tranger, M. Nasser Bourita, le diplomate am\u00e9ricain a mis en exergue les relations s\u00e9culaires et \u00abprofondes\u00bb unissant les deux pays, qui comm\u00e9morent le bicentenaire de la premi\u00e8re mission diplomatique US dans le Royaume (La l\u00e9gation am\u00e9ricaine de Tanger) et c\u00e9l\u00e8brent leur \u00ab200 ans d\u2019amiti\u00e9\u00bb.<\/p>\n<p>Il a, dans ce sens, rappel\u00e9 que le Maroc \u00e9tait le premier pays \u00e0 reconna\u00eetre l\u2019ind\u00e9pendance des \u00c9tats-Unis.<\/p>\n<p>M. Hood a, par ailleurs, salu\u00e9 le soutien \u00abcontinu\u00bb et \u00abpr\u00e9cieux\u00bb du Maroc dans des questions d\u2019int\u00e9r\u00eat commun, telles que le processus de paix au Moyen Orient, la stabilit\u00e9, la s\u00e9curit\u00e9 et le d\u00e9veloppement dans la r\u00e9gion et dans tout le continent africain.<\/p>\n<p>\u00abLe Maroc est un proche partenaire des \u00c9tats-Unis sur un nombre de questions s\u00e9curitaires\u00bb, a-t-il not\u00e9, relevant que le Royaume participe aux c\u00f4t\u00e9s des \u00c9tats-Unis \u00e0 plus de 100 engagements militaires chaque ann\u00e9e, y compris l\u2019African Lion, le \u00abplus grand exercice militaire dans le continent\u00bb.<\/p>\n<p>Dans la m\u00eame veine, le diplomate am\u00e9ricain a rappel\u00e9 que les deux pays ont sign\u00e9, l\u2019ann\u00e9e derni\u00e8re, une feuille de route d\u00e9cennale pour renforcer la coop\u00e9ration en mati\u00e8re de d\u00e9fense, saluant dans ce sens \u00abun symbole de notre coop\u00e9ration strat\u00e9gique de longue date\u00bb.<\/p>\n<p>\u00c9voquant les relations \u00e9conomiques bilat\u00e9rales, M. Hood a fait observer que le Maroc est le seul pays li\u00e9 par un accord de libre-\u00e9change (ALE) avec les \u00c9tats-Unis, qui c\u00e9l\u00e8bre cette ann\u00e9e son 15\u00e8 anniversaire.<\/p>\n<p>\u00abNous et nos compagnies consid\u00e9rons le Maroc comme une porte d\u2019entr\u00e9e vers le continent africain\u00bb, a-t-il dit.<br \/>Pour M. Hood, les deux pays ont b\u00e9n\u00e9fici\u00e9 \u00ab\u00e9norm\u00e9ment\u00bb de cet accord \u00e0 travers la cr\u00e9ation d\u2019emplois, pr\u00e9cisant que les \u00e9changes commerciaux ont quintupl\u00e9 pour se chiffrer \u00e0 5 milliards de dollars annuellement.<br \/>Il a de m\u00eame fait savoir que plus de 150 entreprises am\u00e9ricaines s\u2019activent dans le Royaume.<\/p>\n<p>Sur un autre registre, le diplomate am\u00e9ricain a mis en avant la coop\u00e9ration am\u00e9ricano-marocaine en mati\u00e8re de lutte contre le nouveau coronavirus (Covid-19), saluant au passage la campagne nationale \u00ablargement r\u00e9ussie\u00bb de vaccination.<\/p>\n<p>L\u2019article <a rel=\"nofollow\" href=\"http:\/\/albayane.press.ma\/joey-hood-le-partenariat-strategique-usa-maroc-gagne-en-solidite.html\">Joey Hood: \u00able partenariat strat\u00e9gique USA-Maroc gagne en solidit\u00e9\u00bb<\/a> est apparu en premier sur <a rel=\"nofollow\" href=\"http:\/\/albayane.press.ma\/\">ALBAYANE<\/a>.<\/p>\n<\/div>\n<p>Auteur: M&rsquo;hammed rahal<br \/>\n<a href=\"http:\/\/albayane.press.ma\/joey-hood-le-partenariat-strategique-usa-maroc-gagne-en-solidite.html\">Cliquez ici pour lire l&rsquo;article depuis sa source.<\/a><\/p>\n","protected":false},"excerpt":{"rendered":"<p>Sous le leadership de SM le Roi Le partenariat strat\u00e9gique entre le Maroc et les \u00c9tats-Unis ne cesse de gagner en solidit\u00e9, sous le leadership de Sa Majest\u00e9 le Roi Mohammed VI, a soulign\u00e9, mercredi \u00e0 Rabat, le secr\u00e9taire d\u2019\u00c9tat adjoint am\u00e9ricain par int\u00e9rim pour le Proche-Orient, M. Joey Hood. S\u2019exprimant lors d\u2019une conf\u00e9rence de [&hellip;]<\/p>\n","protected":false},"author":1760,"featured_media":0,"comment_status":"closed","ping_status":"closed","sticky":false,"template":"","format":"standard","meta":{"fifu_image_url":"","fifu_image_alt":"","footnotes":""},"categories":[73,54],"tags":[],"class_list":["post-122776","post","type-post","status-publish","format-standard","hentry","category-actualite","category-maroc"],"_links":{"self":[{"href":"https:\/\/linitiative.ca\/International\/wp-json\/wp\/v2\/posts\/122776","targetHints":{"allow":["GET"]}}],"collection":[{"href":"https:\/\/linitiative.ca\/International\/wp-json\/wp\/v2\/posts"}],"about":[{"href":"https:\/\/linitiative.ca\/International\/wp-json\/wp\/v2\/types\/post"}],"author":[{"embeddable":true,"href":"https:\/\/linitiative.ca\/International\/wp-json\/wp\/v2\/users\/1760"}],"replies":[{"embeddable":true,"href":"https:\/\/linitiative.ca\/International\/wp-json\/wp\/v2\/comments?post=122776"}],"version-history":[{"count":0,"href":"https:\/\/linitiative.ca\/International\/wp-json\/wp\/v2\/posts\/122776\/revisions"}],"wp:attachment":[{"href":"https:\/\/linitiative.ca\/International\/wp-json\/wp\/v2\/media?parent=122776"}],"wp:term":[{"taxonomy":"category","embeddable":true,"href":"https:\/\/linitiative.ca\/International\/wp-json\/wp\/v2\/categories?post=122776"},{"taxonomy":"post_tag","embeddable":true,"href":"https:\/\/linitiative.ca\/International\/wp-json\/wp\/v2\/tags?post=122776"}],"curies":[{"name":"wp","href":"https:\/\/api.w.org\/{rel}","templated":true}]}}