{"id":122779,"date":"2021-07-29T16:41:11","date_gmt":"2021-07-29T20:41:11","guid":{"rendered":"https:\/\/linitiative.ca\/International\/lancement-du-guide-de-la-procedure-dextradition\/"},"modified":"2021-07-29T16:41:11","modified_gmt":"2021-07-29T20:41:11","slug":"lancement-du-guide-de-la-procedure-dextradition","status":"publish","type":"post","link":"https:\/\/linitiative.ca\/International\/lancement-du-guide-de-la-procedure-dextradition\/","title":{"rendered":"Lancement du Guide de la proc\u00e9dure d\u2019extradition"},"content":{"rendered":"<div>\n<div style=\"margin-bottom:20px;\"><img loading=\"lazy\" decoding=\"async\" width=\"750\" height=\"430\" src=\"https:\/\/linitiative.ca\/International\/wp-content\/uploads\/sites\/23\/2021\/07\/fakenews.jpg\" class=\"attachment-post-thumbnail size-post-thumbnail wp-post-image\" alt=\"\" srcset=\"https:\/\/linitiative.ca\/International\/wp-content\/uploads\/sites\/23\/2021\/07\/fakenews.jpg 750w, http:\/\/www.mapmarrakech.ma\/map\/uploads\/2021\/07\/fakenews-300x172.jpg 300w\" sizes=\"auto, (max-width: 750px) 100vw, 750px\"><\/div>\n<p>Lanc\u00e9 en pr\u00e9sence notamment du Procureur g\u00e9n\u00e9ral du Roi pr\u00e8s la Cour de Cassation, Pr\u00e9sident du minist\u00e8re public, Moulay El Hassan Daki, du Secr\u00e9taire g\u00e9n\u00e9ral du Conseil sup\u00e9rieur du pouvoir judiciaire (CSPJ), M. Mustapha Libzar, des responsables du minist\u00e8re de la Justice, de magistrats et de responsables judiciaires et de repr\u00e9sentants de la Direction g\u00e9n\u00e9rale de la S\u00fbret\u00e9 nationale (DGSN) et de la Gendarmerie Royale, ce document \u00ab\u00a0traduit l\u2019adh\u00e9sion de la Pr\u00e9sidence du minist\u00e8re public \u00e0 la mise en \u0153uvre de la strat\u00e9gie nationale de lutte contre le crime transfrontalier et le crime organis\u00e9\u00a0\u00bb.<\/p>\n<p>Ce Guide est le fruit d\u2019une coop\u00e9ration entre le Maroc et l\u2019Union europ\u00e9enne (UE) dans le cadre du Programme d\u2019appui \u00e0 la r\u00e9forme de la justice. Cet appui technique vise le renforcement des comp\u00e9tences des magistrats du Parquet g\u00e9n\u00e9ral dans le domaine de la coop\u00e9ration judiciaire internationale \u00e0 travers l\u2019\u00e9laboration d\u2019un Guide pratique sur la proc\u00e9dure d\u2019extradition et l\u2019organisation de sessions de formations r\u00e9gionales de sensibilisation sur ce sujet.<\/p>\n<p>Pr\u00e9sentant ce Guide, le chef de l\u2019Unit\u00e9 de coop\u00e9ration technique \u00e0 la Pr\u00e9sidence du minist\u00e8re public, M. Mohamed Oukhlifa, a soulign\u00e9 que ce document a \u00e9t\u00e9 \u00e9labor\u00e9 avec la contribution d\u2019une Commission scientifique compos\u00e9e de magistrats et de cadres des tribunaux et du Parquet g\u00e9n\u00e9ral, qui a tenu une s\u00e9rie de r\u00e9unions en pr\u00e9sence de l\u2019expert fran\u00e7ais Julien Betolaud.<\/p>\n<p>Ce document traite de cinq axes essentiels en relation avec l\u2019extradition, \u00e0 savoir le mandat de recherche international et le mandat d\u2019arr\u00eat, la demande de d\u00e9tention provisoire, la demande d\u2019extradition, les demandes sp\u00e9ciales et les requ\u00eates officielles.<\/p>\n<p>\u00ab\u00a0Ce guide de 200 pages constituera un document de r\u00e9f\u00e9rence pour les membres du Parquet g\u00e9n\u00e9ral lors du traitement des demandes d\u2019extradition \u00e9mises et re\u00e7ues, et repr\u00e9sentera une plateforme pour faciliter le volet pratique de cette proc\u00e9dure conform\u00e9ment aux dispositions des conventions internationales multipartites et bilat\u00e9rales\u00a0\u00bb, a-t-il relev\u00e9.<\/p>\n<p>\u00ab\u00a0Il constituera \u00e9galement une plateforme pour faciliter les mandats d\u2019arr\u00eat internationaux et de d\u00e9tention provisoire\u00a0\u00bb, a-t-il indiqu\u00e9, ajoutant que le Guide met en exergue certaines jurisprudences judiciaires modernes que ce soit pour la Cour de cassation ou certains tribunaux \u00e9trangers, dont la Cour europ\u00e9enne des droits de l\u2019Homme (CEDH)<\/p>\n<p>Ce guide, qui vient aussi enrichir la biblioth\u00e8que juridique nationale, sera un important outil mis \u00e0 la disposition des magistrats, avocats, enseignants-chercheurs et \u00e9tudiants dans tout ce qui se rapporte \u00e0 la question de l\u2019extradition.<\/p>\n<p>La commission scientifique charg\u00e9e d\u2019\u00e9laborer ce guide avait propos\u00e9 l\u2019organisation d\u2019ateliers de formation r\u00e9gionaux au profit des magistrats du Parquet g\u00e9n\u00e9ral afin de faire connaitre les axes de ce document et d\u00e9battre de son contenu.<\/p>\n<p>The post <a rel=\"nofollow\" href=\"http:\/\/www.mapmarrakech.ma\/fr\/lancement-du-guide-de-la-procedure-dextradition\/\">Lancement du Guide de la proc\u00e9dure d\u2019extradition<\/a> appeared first on <a rel=\"nofollow\" href=\"http:\/\/www.mapmarrakech.ma\/fr\">MapMarrakech<\/a>.<\/p>\n<\/div>\n<p>Auteur: Meriem IGASS<br \/>\n<a href=\"http:\/\/www.mapmarrakech.ma\/fr\/lancement-du-guide-de-la-procedure-dextradition\/\">Cliquez ici pour lire l&rsquo;article depuis sa source.<\/a><\/p>\n","protected":false},"excerpt":{"rendered":"<p>Lanc\u00e9 en pr\u00e9sence notamment du Procureur g\u00e9n\u00e9ral du Roi pr\u00e8s la Cour de Cassation, Pr\u00e9sident du minist\u00e8re public, Moulay El Hassan Daki, du Secr\u00e9taire g\u00e9n\u00e9ral du Conseil sup\u00e9rieur du pouvoir judiciaire (CSPJ), M. Mustapha Libzar, des responsables du minist\u00e8re de la Justice, de magistrats et de responsables judiciaires et de repr\u00e9sentants de la Direction g\u00e9n\u00e9rale [&hellip;]<\/p>\n","protected":false},"author":1788,"featured_media":0,"comment_status":"closed","ping_status":"closed","sticky":false,"template":"","format":"standard","meta":{"fifu_image_url":"http:\/\/www.mapmarrakech.ma\/map\/uploads\/2021\/07\/fakenews.jpg","fifu_image_alt":"Lancement du Guide de la proc\u00e9dure d\u2019extradition","footnotes":""},"categories":[54,76],"tags":[],"class_list":["post-122779","post","type-post","status-publish","format-standard","hentry","category-maroc","category-regions"],"_links":{"self":[{"href":"https:\/\/linitiative.ca\/International\/wp-json\/wp\/v2\/posts\/122779","targetHints":{"allow":["GET"]}}],"collection":[{"href":"https:\/\/linitiative.ca\/International\/wp-json\/wp\/v2\/posts"}],"about":[{"href":"https:\/\/linitiative.ca\/International\/wp-json\/wp\/v2\/types\/post"}],"author":[{"embeddable":true,"href":"https:\/\/linitiative.ca\/International\/wp-json\/wp\/v2\/users\/1788"}],"replies":[{"embeddable":true,"href":"https:\/\/linitiative.ca\/International\/wp-json\/wp\/v2\/comments?post=122779"}],"version-history":[{"count":0,"href":"https:\/\/linitiative.ca\/International\/wp-json\/wp\/v2\/posts\/122779\/revisions"}],"wp:attachment":[{"href":"https:\/\/linitiative.ca\/International\/wp-json\/wp\/v2\/media?parent=122779"}],"wp:term":[{"taxonomy":"category","embeddable":true,"href":"https:\/\/linitiative.ca\/International\/wp-json\/wp\/v2\/categories?post=122779"},{"taxonomy":"post_tag","embeddable":true,"href":"https:\/\/linitiative.ca\/International\/wp-json\/wp\/v2\/tags?post=122779"}],"curies":[{"name":"wp","href":"https:\/\/api.w.org\/{rel}","templated":true}]}}