{"id":122788,"date":"2021-07-30T07:34:10","date_gmt":"2021-07-30T11:34:10","guid":{"rendered":"https:\/\/linitiative.ca\/International\/secousses-telluriques-edans-la-province-de-driouch\/"},"modified":"2021-07-30T07:34:10","modified_gmt":"2021-07-30T11:34:10","slug":"secousses-telluriques-edans-la-province-de-driouch","status":"publish","type":"post","link":"https:\/\/linitiative.ca\/International\/secousses-telluriques-edans-la-province-de-driouch\/","title":{"rendered":"Secousses telluriques edans la province de Driouch"},"content":{"rendered":"<div>\n<div class=\"field field-name-body field-type-text-with-summary field-label-hidden\">\n<div class=\"field-items\">\n<div class=\"field-item even\" property=\"content:encoded\">\n<p class=\"rtejustify\">Quatre secousses telluriques de magnitudes comprises entre 3,8 et 4,7 degr\u00e9s sur l&rsquo;\u00e9chelle de Richter ont \u00e9t\u00e9 enregistr\u00e9es vendredi, dans la province de Driouch, a indiqu\u00e9 l&rsquo;Institut national de g\u00e9ophysique (ING).<\/p>\n<\/div>\n<\/div>\n<\/div>\n<\/div>\n<p>Auteur: mbasraoui<br \/>\n<a href=\"https:\/\/www.leconomiste.com\/flash-infos\/secousses-telluriques-edans-la-province-de-driouch\">Cliquez ici pour lire l&rsquo;article depuis sa source.<\/a><\/p>\n","protected":false},"excerpt":{"rendered":"<p>Quatre secousses telluriques de magnitudes comprises entre 3,8 et 4,7 degr\u00e9s sur l&rsquo;\u00e9chelle de Richter ont \u00e9t\u00e9 enregistr\u00e9es vendredi, dans la province de Driouch, a indiqu\u00e9 l&rsquo;Institut national de g\u00e9ophysique (ING). Auteur: mbasraoui Cliquez ici pour lire l&rsquo;article depuis sa source.<\/p>\n","protected":false},"author":1763,"featured_media":0,"comment_status":"closed","ping_status":"closed","sticky":false,"template":"","format":"standard","meta":{"fifu_image_url":"","fifu_image_alt":"","footnotes":""},"categories":[78,54],"tags":[],"class_list":["post-122788","post","type-post","status-publish","format-standard","hentry","category-economie","category-maroc"],"_links":{"self":[{"href":"https:\/\/linitiative.ca\/International\/wp-json\/wp\/v2\/posts\/122788","targetHints":{"allow":["GET"]}}],"collection":[{"href":"https:\/\/linitiative.ca\/International\/wp-json\/wp\/v2\/posts"}],"about":[{"href":"https:\/\/linitiative.ca\/International\/wp-json\/wp\/v2\/types\/post"}],"author":[{"embeddable":true,"href":"https:\/\/linitiative.ca\/International\/wp-json\/wp\/v2\/users\/1763"}],"replies":[{"embeddable":true,"href":"https:\/\/linitiative.ca\/International\/wp-json\/wp\/v2\/comments?post=122788"}],"version-history":[{"count":0,"href":"https:\/\/linitiative.ca\/International\/wp-json\/wp\/v2\/posts\/122788\/revisions"}],"wp:attachment":[{"href":"https:\/\/linitiative.ca\/International\/wp-json\/wp\/v2\/media?parent=122788"}],"wp:term":[{"taxonomy":"category","embeddable":true,"href":"https:\/\/linitiative.ca\/International\/wp-json\/wp\/v2\/categories?post=122788"},{"taxonomy":"post_tag","embeddable":true,"href":"https:\/\/linitiative.ca\/International\/wp-json\/wp\/v2\/tags?post=122788"}],"curies":[{"name":"wp","href":"https:\/\/api.w.org\/{rel}","templated":true}]}}