{"id":122790,"date":"2021-07-30T11:03:15","date_gmt":"2021-07-30T15:03:15","guid":{"rendered":"https:\/\/linitiative.ca\/International\/tunisie-inauguration-de-lhopital-de-campagne-marocain-a-manouba\/"},"modified":"2021-07-30T11:03:15","modified_gmt":"2021-07-30T15:03:15","slug":"tunisie-inauguration-de-lhopital-de-campagne-marocain-a-manouba","status":"publish","type":"post","link":"https:\/\/linitiative.ca\/International\/tunisie-inauguration-de-lhopital-de-campagne-marocain-a-manouba\/","title":{"rendered":"Tunisie : Inauguration de l\u2019h\u00f4pital de campagne marocain \u00e0 Manouba"},"content":{"rendered":"<div>\n<div class=\"field field-name-body field-type-text-with-summary field-label-hidden\">\n<div class=\"field-items\">\n<div class=\"field-item even\" property=\"content:encoded\">\n<p class=\"rtejustify\">L\u2019h\u00f4pital de campagne marocain \u00e0 Manouba a \u00e9t\u00e9 inaugur\u00e9 jeudi, dans le cadre de l&rsquo;aide m\u00e9dicale d&rsquo;urgence envoy\u00e9e par le Maroc au pays fr\u00e8re de la Tunisie sur Hautes instructions de SM le Roi Mohammed VI.<\/p>\n<\/div>\n<\/div>\n<\/div>\n<\/div>\n<p>Auteur: mbasraoui<br \/>\n<a href=\"https:\/\/www.leconomiste.com\/flash-infos\/tunisie-inauguration-de-l-hopital-de-campagne-marocain-manouba\">Cliquez ici pour lire l&rsquo;article depuis sa source.<\/a><\/p>\n","protected":false},"excerpt":{"rendered":"<p>L\u2019h\u00f4pital de campagne marocain \u00e0 Manouba a \u00e9t\u00e9 inaugur\u00e9 jeudi, dans le cadre de l&rsquo;aide m\u00e9dicale d&rsquo;urgence envoy\u00e9e par le Maroc au pays fr\u00e8re de la Tunisie sur Hautes instructions de SM le Roi Mohammed VI. Auteur: mbasraoui Cliquez ici pour lire l&rsquo;article depuis sa source.<\/p>\n","protected":false},"author":1763,"featured_media":0,"comment_status":"closed","ping_status":"closed","sticky":false,"template":"","format":"standard","meta":{"fifu_image_url":"","fifu_image_alt":"","footnotes":""},"categories":[78,54],"tags":[],"class_list":["post-122790","post","type-post","status-publish","format-standard","hentry","category-economie","category-maroc"],"_links":{"self":[{"href":"https:\/\/linitiative.ca\/International\/wp-json\/wp\/v2\/posts\/122790","targetHints":{"allow":["GET"]}}],"collection":[{"href":"https:\/\/linitiative.ca\/International\/wp-json\/wp\/v2\/posts"}],"about":[{"href":"https:\/\/linitiative.ca\/International\/wp-json\/wp\/v2\/types\/post"}],"author":[{"embeddable":true,"href":"https:\/\/linitiative.ca\/International\/wp-json\/wp\/v2\/users\/1763"}],"replies":[{"embeddable":true,"href":"https:\/\/linitiative.ca\/International\/wp-json\/wp\/v2\/comments?post=122790"}],"version-history":[{"count":0,"href":"https:\/\/linitiative.ca\/International\/wp-json\/wp\/v2\/posts\/122790\/revisions"}],"wp:attachment":[{"href":"https:\/\/linitiative.ca\/International\/wp-json\/wp\/v2\/media?parent=122790"}],"wp:term":[{"taxonomy":"category","embeddable":true,"href":"https:\/\/linitiative.ca\/International\/wp-json\/wp\/v2\/categories?post=122790"},{"taxonomy":"post_tag","embeddable":true,"href":"https:\/\/linitiative.ca\/International\/wp-json\/wp\/v2\/tags?post=122790"}],"curies":[{"name":"wp","href":"https:\/\/api.w.org\/{rel}","templated":true}]}}