{"id":122793,"date":"2021-07-30T05:27:00","date_gmt":"2021-07-30T09:27:00","guid":{"rendered":"https:\/\/linitiative.ca\/International\/man-city-les-contacts-sont-engages-pour-grealish\/"},"modified":"2021-07-30T05:27:00","modified_gmt":"2021-07-30T09:27:00","slug":"man-city-les-contacts-sont-engages-pour-grealish","status":"publish","type":"post","link":"https:\/\/linitiative.ca\/International\/man-city-les-contacts-sont-engages-pour-grealish\/","title":{"rendered":"Man City : Les contacts sont engag\u00e9s pour Grealish"},"content":{"rendered":"<div>Tr\u00e8s int\u00e9ress\u00e9 \u00e0 l\u2019id\u00e9e de recruter Jack Grealish (25 ans) cet \u00e9t\u00e9, Manchester City a pass\u00e9 la seconde.<img loading=\"lazy\" decoding=\"async\" src=\"http:\/\/feeds.feedburner.com\/~r\/GalerieFArtciles\/~4\/8wNITds8JKU\" height=\"1\" width=\"1\" alt=\"\"><\/div>\n<p>Auteur:<br \/>\n<a href=\"http:\/\/www.lebuteur.com\/article\/detail?titre=man-city-les-contacts-sont-engages-pour-grealish&#038;id=100727&#038;utm_source=feedburner&#038;utm_medium=feed&#038;utm_campaign=Feed%3A+GalerieFArtciles+%28Les+derniers+articles++-+lebuteur.com%29\">Cliquez ici pour lire l&rsquo;article depuis sa source.<\/a><\/p>\n","protected":false},"excerpt":{"rendered":"<p>Tr\u00e8s int\u00e9ress\u00e9 \u00e0 l\u2019id\u00e9e de recruter Jack Grealish (25 ans) cet \u00e9t\u00e9, Manchester City a pass\u00e9 la seconde. Auteur: Cliquez ici pour lire l&rsquo;article depuis sa source.<\/p>\n","protected":false},"author":1738,"featured_media":0,"comment_status":"closed","ping_status":"closed","sticky":false,"template":"","format":"standard","meta":{"fifu_image_url":"http:\/\/feeds.feedburner.com\/~r\/GalerieFArtciles\/~4\/8wNITds8JKU","fifu_image_alt":"Man City : Les contacts sont engag\u00e9s pour Grealish","footnotes":""},"categories":[53,75],"tags":[],"class_list":["post-122793","post","type-post","status-publish","format-standard","hentry","category-algerie","category-sport"],"_links":{"self":[{"href":"https:\/\/linitiative.ca\/International\/wp-json\/wp\/v2\/posts\/122793","targetHints":{"allow":["GET"]}}],"collection":[{"href":"https:\/\/linitiative.ca\/International\/wp-json\/wp\/v2\/posts"}],"about":[{"href":"https:\/\/linitiative.ca\/International\/wp-json\/wp\/v2\/types\/post"}],"author":[{"embeddable":true,"href":"https:\/\/linitiative.ca\/International\/wp-json\/wp\/v2\/users\/1738"}],"replies":[{"embeddable":true,"href":"https:\/\/linitiative.ca\/International\/wp-json\/wp\/v2\/comments?post=122793"}],"version-history":[{"count":0,"href":"https:\/\/linitiative.ca\/International\/wp-json\/wp\/v2\/posts\/122793\/revisions"}],"wp:attachment":[{"href":"https:\/\/linitiative.ca\/International\/wp-json\/wp\/v2\/media?parent=122793"}],"wp:term":[{"taxonomy":"category","embeddable":true,"href":"https:\/\/linitiative.ca\/International\/wp-json\/wp\/v2\/categories?post=122793"},{"taxonomy":"post_tag","embeddable":true,"href":"https:\/\/linitiative.ca\/International\/wp-json\/wp\/v2\/tags?post=122793"}],"curies":[{"name":"wp","href":"https:\/\/api.w.org\/{rel}","templated":true}]}}