{"id":122796,"date":"2021-07-30T08:45:18","date_gmt":"2021-07-30T12:45:18","guid":{"rendered":"https:\/\/linitiative.ca\/International\/musique-deces-de-salem-atakor-precurseur-du-heavy-metal-algerien\/"},"modified":"2021-07-30T08:45:18","modified_gmt":"2021-07-30T12:45:18","slug":"musique-deces-de-salem-atakor-precurseur-du-heavy-metal-algerien","status":"publish","type":"post","link":"https:\/\/linitiative.ca\/International\/musique-deces-de-salem-atakor-precurseur-du-heavy-metal-algerien\/","title":{"rendered":"Musique. D\u00e9c\u00e8s de Salem Atakor, pr\u00e9curseur du heavy metal alg\u00e9rien"},"content":{"rendered":"<div>\n<div class=\"sriret\"><img loading=\"lazy\" decoding=\"async\" width=\"554\" height=\"554\" src=\"https:\/\/linitiative.ca\/International\/wp-content\/uploads\/sites\/23\/2021\/07\/DCE5ADBB-7300-4337-88B1-2B6062AA7696.jpeg\" class=\"attachment-featured_large size-featured_large wp-post-image\" alt=\"\" style=\"margin-bottom: 15px;\" srcset=\"https:\/\/linitiative.ca\/International\/wp-content\/uploads\/sites\/23\/2021\/07\/DCE5ADBB-7300-4337-88B1-2B6062AA7696.jpeg 554w, https:\/\/www.elwatan.com\/wp-content\/uploads\/2021\/07\/DCE5ADBB-7300-4337-88B1-2B6062AA7696-150x150.jpeg 150w, https:\/\/www.elwatan.com\/wp-content\/uploads\/2021\/07\/DCE5ADBB-7300-4337-88B1-2B6062AA7696-300x300.jpeg 300w\" sizes=\"auto, (max-width: 554px) 100vw, 554px\"><\/div>\n<p>D\u00e9cid\u00e9ment, c\u2019est l\u2019h\u00e9catombe \u00ab\u00a0perp\u00e9tr\u00e9e\u00a0\u00bb par l\u2019insidieuse\u00a0 et mortif\u00e8re Covid19. Un autre et \u00e9ni\u00e8me nom du monde de la musique qui vient d\u2019\u00eatre emport\u00e9 pr\u00e9matur\u00e9ment par cette pand\u00e9mie.<br \/>\nSalem Atakor leader et clavieriste du fameux groupe\u00a0 \u00e9ponyme de heavy metal(hard rock) alg\u00e9rien est d\u00e9c\u00e9d\u00e9 jeudi, \u00e0 l\u2019h\u00f4pital de Zeralda.<\/p>\n<p style=\"text-align: left;\">Il devait \u00eatre inhum\u00e9 vendredi 30 juillet 2021, l\u2019apr\u00e8s-midi, au cimeti\u00e8re de Garidi, \u00e0 Alger.<\/p>\n<p style=\"text-align: left;\">Salem, journaliste, d\u2019une grande culture et d\u2019une immense humilit\u00e9, et son groupe Atakor, avaient occup\u00e9 les devant de la nouvelle sc\u00e8ne musicale alg\u00e9rienne en imposant le heavy metal aux c\u00f4t\u00e9s notamment de Litham men\u00e9 par Redouane.<\/p>\n<p style=\"text-align: right;\"><em><strong>K. Smail<\/strong><\/em><\/p>\n<p>L\u2019article <a rel=\"nofollow\" href=\"https:\/\/www.elwatan.com\/edition\/culture\/musique-deces-de-salem-atakor-precurseur-du-heavy-metal-algerien-30-07-2021\">Musique. D\u00e9c\u00e8s de Salem Atakor, pr\u00e9curseur du heavy metal alg\u00e9rien<\/a> est apparu en premier sur <a rel=\"nofollow\" href=\"https:\/\/www.elwatan.com\/\">El Watan<\/a>.<\/p>\n<\/div>\n<p>Auteur: Mohand Yahiaoui<br \/>\n<a href=\"https:\/\/www.elwatan.com\/edition\/culture\/musique-deces-de-salem-atakor-precurseur-du-heavy-metal-algerien-30-07-2021\">Cliquez ici pour lire l&rsquo;article depuis sa source.<\/a><\/p>\n","protected":false},"excerpt":{"rendered":"<p>D\u00e9cid\u00e9ment, c\u2019est l\u2019h\u00e9catombe \u00ab\u00a0perp\u00e9tr\u00e9e\u00a0\u00bb par l\u2019insidieuse\u00a0 et mortif\u00e8re Covid19. Un autre et \u00e9ni\u00e8me nom du monde de la musique qui vient d\u2019\u00eatre emport\u00e9 pr\u00e9matur\u00e9ment par cette pand\u00e9mie. Salem Atakor leader et clavieriste du fameux groupe\u00a0 \u00e9ponyme de heavy metal(hard rock) alg\u00e9rien est d\u00e9c\u00e9d\u00e9 jeudi, \u00e0 l\u2019h\u00f4pital de Zeralda. Il devait \u00eatre inhum\u00e9 vendredi 30 juillet [&hellip;]<\/p>\n","protected":false},"author":1743,"featured_media":0,"comment_status":"closed","ping_status":"closed","sticky":false,"template":"","format":"standard","meta":{"fifu_image_url":"https:\/\/www.elwatan.com\/wp-content\/uploads\/2021\/07\/DCE5ADBB-7300-4337-88B1-2B6062AA7696.jpeg","fifu_image_alt":"Musique. D\u00e9c\u00e8s de Salem Atakor, pr\u00e9curseur du heavy metal alg\u00e9rien","footnotes":""},"categories":[73,53],"tags":[],"class_list":["post-122796","post","type-post","status-publish","format-standard","hentry","category-actualite","category-algerie"],"_links":{"self":[{"href":"https:\/\/linitiative.ca\/International\/wp-json\/wp\/v2\/posts\/122796","targetHints":{"allow":["GET"]}}],"collection":[{"href":"https:\/\/linitiative.ca\/International\/wp-json\/wp\/v2\/posts"}],"about":[{"href":"https:\/\/linitiative.ca\/International\/wp-json\/wp\/v2\/types\/post"}],"author":[{"embeddable":true,"href":"https:\/\/linitiative.ca\/International\/wp-json\/wp\/v2\/users\/1743"}],"replies":[{"embeddable":true,"href":"https:\/\/linitiative.ca\/International\/wp-json\/wp\/v2\/comments?post=122796"}],"version-history":[{"count":0,"href":"https:\/\/linitiative.ca\/International\/wp-json\/wp\/v2\/posts\/122796\/revisions"}],"wp:attachment":[{"href":"https:\/\/linitiative.ca\/International\/wp-json\/wp\/v2\/media?parent=122796"}],"wp:term":[{"taxonomy":"category","embeddable":true,"href":"https:\/\/linitiative.ca\/International\/wp-json\/wp\/v2\/categories?post=122796"},{"taxonomy":"post_tag","embeddable":true,"href":"https:\/\/linitiative.ca\/International\/wp-json\/wp\/v2\/tags?post=122796"}],"curies":[{"name":"wp","href":"https:\/\/api.w.org\/{rel}","templated":true}]}}