{"id":122798,"date":"2021-07-29T21:53:00","date_gmt":"2021-07-30T01:53:00","guid":{"rendered":"https:\/\/linitiative.ca\/International\/le-texte-integral-du-decret-de-suspension-des-competences-de-lassemblee-des-representants-du-peuple\/"},"modified":"2021-07-29T21:53:00","modified_gmt":"2021-07-30T01:53:00","slug":"le-texte-integral-du-decret-de-suspension-des-competences-de-lassemblee-des-representants-du-peuple","status":"publish","type":"post","link":"https:\/\/linitiative.ca\/International\/le-texte-integral-du-decret-de-suspension-des-competences-de-lassemblee-des-representants-du-peuple\/","title":{"rendered":"Le texte int\u00e9gral du d\u00e9cret de suspension des comp\u00e9tences de l&rsquo;Assembl\u00e9e des repr\u00e9sentants du peuple"},"content":{"rendered":"<div><img decoding=\"async\" src=\"https:\/\/linitiative.ca\/International\/wp-content\/uploads\/sites\/23\/2021\/07\/1627607290_article.jpg\" alt=\" Le texte int\u00e9gral du d\u00e9cret de suspension des comp\u00e9tences de l\" assembl des repr du peuple align=\"left\">C\u2019est publi\u00e9 au Journal officiel. Le d\u00e9cret pr\u00e9sidentiel n\u00b0 2021-80 du 29 juillet 2021, relatif \u00e0 la suspension des comp\u00e9tences de l&rsquo;Assembl\u00e9e des repr\u00e9sentants du peuple est clair. Il s\u2019agit bien d\u2019une suspension (comme mentionn\u00e9 par Leaders) et non d\u2019un gel, la dur\u00e9e est d\u2019un mois, pouvant \u00eatre prorog\u00e9 par d\u00e9cret pr\u00e9sidentiel, et l\u2019immunit\u00e9 parlementaire de tous les membres de l\u2019ARP est lev\u00e9e pendant la p\u00e9riode de suspension des travaux.<br \/>\nLe secr\u00e9taire g\u00e9n\u00e9ral de l\u2019Assembl\u00e9e est charg\u00e9 de g\u00e9rer les affaires administratives et financi\u00e8res.<br \/>\nD\u00e9cret Pr\u00e9sidentiel n\u00b0 2021-80 du 29 juillet 2021, relatif \u00e0 la suspension des comp\u00e9tences de l&rsquo;Assembl\u00e9e &#8230;<\/p>\n<\/div>\n<p>Auteur:<br \/>\n<a href=\"https:\/\/www.leaders.com.tn\/article\/32215-le-texte-integral-du-decret-de-suspension-des-competences-de-l-assemblee-des-representants-du-peuple\">Cliquez ici pour lire l&rsquo;article depuis sa source.<\/a><\/p>\n","protected":false},"excerpt":{"rendered":"<p>C\u2019est publi\u00e9 au Journal officiel. Le d\u00e9cret pr\u00e9sidentiel n\u00b0 2021-80 du 29 juillet 2021, relatif \u00e0 la suspension des comp\u00e9tences de l&rsquo;Assembl\u00e9e des repr\u00e9sentants du peuple est clair. Il s\u2019agit bien d\u2019une suspension (comme mentionn\u00e9 par Leaders) et non d\u2019un gel, la dur\u00e9e est d\u2019un mois, pouvant \u00eatre prorog\u00e9 par d\u00e9cret pr\u00e9sidentiel, et l\u2019immunit\u00e9 parlementaire [&hellip;]<\/p>\n","protected":false},"author":1772,"featured_media":0,"comment_status":"closed","ping_status":"closed","sticky":false,"template":"","format":"standard","meta":{"fifu_image_url":"http:\/\/www.leaders.com.tn\/uploads\/content\/thumbnails_small\/1627607290_article.jpg","fifu_image_alt":"<div>Le texte int\u00e9gral du d\u00e9cret de suspension des comp\u00e9tences de l'Assembl\u00e9e des repr\u00e9sentants du peuple<\/div>","footnotes":""},"categories":[73,55],"tags":[],"class_list":["post-122798","post","type-post","status-publish","format-standard","hentry","category-actualite","category-tunisie"],"_links":{"self":[{"href":"https:\/\/linitiative.ca\/International\/wp-json\/wp\/v2\/posts\/122798","targetHints":{"allow":["GET"]}}],"collection":[{"href":"https:\/\/linitiative.ca\/International\/wp-json\/wp\/v2\/posts"}],"about":[{"href":"https:\/\/linitiative.ca\/International\/wp-json\/wp\/v2\/types\/post"}],"author":[{"embeddable":true,"href":"https:\/\/linitiative.ca\/International\/wp-json\/wp\/v2\/users\/1772"}],"replies":[{"embeddable":true,"href":"https:\/\/linitiative.ca\/International\/wp-json\/wp\/v2\/comments?post=122798"}],"version-history":[{"count":0,"href":"https:\/\/linitiative.ca\/International\/wp-json\/wp\/v2\/posts\/122798\/revisions"}],"wp:attachment":[{"href":"https:\/\/linitiative.ca\/International\/wp-json\/wp\/v2\/media?parent=122798"}],"wp:term":[{"taxonomy":"category","embeddable":true,"href":"https:\/\/linitiative.ca\/International\/wp-json\/wp\/v2\/categories?post=122798"},{"taxonomy":"post_tag","embeddable":true,"href":"https:\/\/linitiative.ca\/International\/wp-json\/wp\/v2\/tags?post=122798"}],"curies":[{"name":"wp","href":"https:\/\/api.w.org\/{rel}","templated":true}]}}