{"id":122800,"date":"2021-07-30T03:36:00","date_gmt":"2021-07-30T07:36:00","guid":{"rendered":"https:\/\/linitiative.ca\/International\/linitiative-presidentielle-du-25-juillet-2021-vers-une-nouvelle-gouvernance-pour-sauver-la-republique\/"},"modified":"2021-07-30T03:36:00","modified_gmt":"2021-07-30T07:36:00","slug":"linitiative-presidentielle-du-25-juillet-2021-vers-une-nouvelle-gouvernance-pour-sauver-la-republique","status":"publish","type":"post","link":"https:\/\/linitiative.ca\/International\/linitiative-presidentielle-du-25-juillet-2021-vers-une-nouvelle-gouvernance-pour-sauver-la-republique\/","title":{"rendered":"L\u2019initiative pr\u00e9sidentielle du 25 juillet 2021: Vers une nouvelle gouvernance pour sauver la R\u00e9publique"},"content":{"rendered":"<div><img decoding=\"async\" src=\"https:\/\/linitiative.ca\/International\/wp-content\/uploads\/sites\/23\/2021\/07\/1627632794_article.jpg\" alt=\"L\u2019initiative pr\u00e9sidentielle du 25 juillet 2021: Vers une nouvelle gouvernance pour sauver la R\u00e9publique\" align=\"left\">Par Hatem Kotrane &#8211; Le 25 juillet dernier, vers 10 heures du matin, nous publions un article sur Leaders intitul\u00e9 : \u00abSauvons la R\u00e9publique\u00bb! L\u2019article renvoie lui-m\u00eame \u00e0 un article pr\u00e9c\u00e9dent intitul\u00e9 : \u00abVers une nouvelle gouvernance pour sauver la R\u00e9publique\u00bb paru sur Leaders du 11 f\u00e9vrier 2021 o\u00f9, au terme d\u2019une longue analyse, nous attirions l\u2019attention sur la mont\u00e9e d\u2019un d\u00e9bat constitutionnaliste \u00ab\u2026rendu compliqu\u00e9 par la surench\u00e8re doctrinale, exploit\u00e9e \u00e0 des fins de ralliement politique!\u00bb. Comment pallier cette situation, celle d\u2019un conflit d\u2019avis juridiques entre les plus \u00e9minents constitutionnalistes, qui ne s\u2019op\u00e8re plus dans les cercles &#8230;<\/p>\n<\/div>\n<p>Auteur:<br \/>\n<a href=\"https:\/\/www.leaders.com.tn\/article\/32216-l-initiative-presidentielle-du-25-juillet-2021-vers-une-nouvelle-gouvernance-pour-sauver-la-republique\">Cliquez ici pour lire l&rsquo;article depuis sa source.<\/a><\/p>\n","protected":false},"excerpt":{"rendered":"<p>Par Hatem Kotrane &#8211; Le 25 juillet dernier, vers 10 heures du matin, nous publions un article sur Leaders intitul\u00e9 : \u00abSauvons la R\u00e9publique\u00bb! L\u2019article renvoie lui-m\u00eame \u00e0 un article pr\u00e9c\u00e9dent intitul\u00e9 : \u00abVers une nouvelle gouvernance pour sauver la R\u00e9publique\u00bb paru sur Leaders du 11 f\u00e9vrier 2021 o\u00f9, au terme d\u2019une longue analyse, nous [&hellip;]<\/p>\n","protected":false},"author":1772,"featured_media":0,"comment_status":"closed","ping_status":"closed","sticky":false,"template":"","format":"standard","meta":{"fifu_image_url":"http:\/\/www.leaders.com.tn\/uploads\/content\/thumbnails_small\/1627632794_article.jpg","fifu_image_alt":"L\u2019initiative pr\u00e9sidentielle du 25 juillet 2021: Vers une nouvelle gouvernance pour sauver la R\u00e9publique","footnotes":""},"categories":[73,55],"tags":[],"class_list":["post-122800","post","type-post","status-publish","format-standard","hentry","category-actualite","category-tunisie"],"_links":{"self":[{"href":"https:\/\/linitiative.ca\/International\/wp-json\/wp\/v2\/posts\/122800","targetHints":{"allow":["GET"]}}],"collection":[{"href":"https:\/\/linitiative.ca\/International\/wp-json\/wp\/v2\/posts"}],"about":[{"href":"https:\/\/linitiative.ca\/International\/wp-json\/wp\/v2\/types\/post"}],"author":[{"embeddable":true,"href":"https:\/\/linitiative.ca\/International\/wp-json\/wp\/v2\/users\/1772"}],"replies":[{"embeddable":true,"href":"https:\/\/linitiative.ca\/International\/wp-json\/wp\/v2\/comments?post=122800"}],"version-history":[{"count":0,"href":"https:\/\/linitiative.ca\/International\/wp-json\/wp\/v2\/posts\/122800\/revisions"}],"wp:attachment":[{"href":"https:\/\/linitiative.ca\/International\/wp-json\/wp\/v2\/media?parent=122800"}],"wp:term":[{"taxonomy":"category","embeddable":true,"href":"https:\/\/linitiative.ca\/International\/wp-json\/wp\/v2\/categories?post=122800"},{"taxonomy":"post_tag","embeddable":true,"href":"https:\/\/linitiative.ca\/International\/wp-json\/wp\/v2\/tags?post=122800"}],"curies":[{"name":"wp","href":"https:\/\/api.w.org\/{rel}","templated":true}]}}