{"id":122802,"date":"2021-07-30T06:52:00","date_gmt":"2021-07-30T10:52:00","guid":{"rendered":"https:\/\/linitiative.ca\/International\/tunisie-une-revolution-tant-attendue\/"},"modified":"2021-07-30T06:52:00","modified_gmt":"2021-07-30T10:52:00","slug":"tunisie-une-revolution-tant-attendue","status":"publish","type":"post","link":"https:\/\/linitiative.ca\/International\/tunisie-une-revolution-tant-attendue\/","title":{"rendered":"Tunisie: Une r\u00e9volution tant attendue"},"content":{"rendered":"<div><img decoding=\"async\" src=\"https:\/\/linitiative.ca\/International\/wp-content\/uploads\/sites\/23\/2021\/07\/1627644669_article.jpg\" alt=\"Tunisie: Une r\u00e9volution tant attendue\" align=\"left\">Par Slaheddine Dchicha &#8211; Depuis le 25 juillet, la petite Tunisie est \u00e0 la une de tous les m\u00e9dias de la plan\u00e8te. Elle renouvelle ainsi\u00a0 l\u2019int\u00e9r\u00eat et la surprise qu\u2019elle avait suscit\u00e9s dix ans auparavant en inaugurant le \u00abPrintemps arabe\u00bb.<br \/>\nDepuis le 25 juillet, le Petit Pays fait l\u2019objet de diverses et multiples analyses et les journalistes les sociologues, les politistes, les\u00a0 juristes\u2026 bref, toutes\u00a0 sortes\u00a0 d\u2019experts tentent de comprendre et d\u2019expliquer ce qui s\u2019est pass\u00e9 ce 25 juillet: \u00abCoup d\u2019\u00e9tat\u00a0 ou\u00a0 coup d\u2019\u00e9clat; coup de force ou\u00a0 coup de ma\u00eetre. Ou coup de t\u00eate \u00e0 la Zidane! S\u2019agit-il d\u2019une r\u00e9volution-\u00e9clair? A moins que ce ne soit un &#8230;<\/p>\n<\/div>\n<p>Auteur:<br \/>\n<a href=\"https:\/\/www.leaders.com.tn\/article\/32217-tunisie-une-revolution-tant-attendue\">Cliquez ici pour lire l&rsquo;article depuis sa source.<\/a><\/p>\n","protected":false},"excerpt":{"rendered":"<p>Par Slaheddine Dchicha &#8211; Depuis le 25 juillet, la petite Tunisie est \u00e0 la une de tous les m\u00e9dias de la plan\u00e8te. Elle renouvelle ainsi\u00a0 l\u2019int\u00e9r\u00eat et la surprise qu\u2019elle avait suscit\u00e9s dix ans auparavant en inaugurant le \u00abPrintemps arabe\u00bb. Depuis le 25 juillet, le Petit Pays fait l\u2019objet de diverses et multiples analyses et [&hellip;]<\/p>\n","protected":false},"author":1772,"featured_media":0,"comment_status":"closed","ping_status":"closed","sticky":false,"template":"","format":"standard","meta":{"fifu_image_url":"http:\/\/www.leaders.com.tn\/uploads\/content\/thumbnails_small\/1627644669_article.jpg","fifu_image_alt":"Tunisie: Une r\u00e9volution tant attendue","footnotes":""},"categories":[73,55],"tags":[],"class_list":["post-122802","post","type-post","status-publish","format-standard","hentry","category-actualite","category-tunisie"],"_links":{"self":[{"href":"https:\/\/linitiative.ca\/International\/wp-json\/wp\/v2\/posts\/122802","targetHints":{"allow":["GET"]}}],"collection":[{"href":"https:\/\/linitiative.ca\/International\/wp-json\/wp\/v2\/posts"}],"about":[{"href":"https:\/\/linitiative.ca\/International\/wp-json\/wp\/v2\/types\/post"}],"author":[{"embeddable":true,"href":"https:\/\/linitiative.ca\/International\/wp-json\/wp\/v2\/users\/1772"}],"replies":[{"embeddable":true,"href":"https:\/\/linitiative.ca\/International\/wp-json\/wp\/v2\/comments?post=122802"}],"version-history":[{"count":0,"href":"https:\/\/linitiative.ca\/International\/wp-json\/wp\/v2\/posts\/122802\/revisions"}],"wp:attachment":[{"href":"https:\/\/linitiative.ca\/International\/wp-json\/wp\/v2\/media?parent=122802"}],"wp:term":[{"taxonomy":"category","embeddable":true,"href":"https:\/\/linitiative.ca\/International\/wp-json\/wp\/v2\/categories?post=122802"},{"taxonomy":"post_tag","embeddable":true,"href":"https:\/\/linitiative.ca\/International\/wp-json\/wp\/v2\/tags?post=122802"}],"curies":[{"name":"wp","href":"https:\/\/api.w.org\/{rel}","templated":true}]}}