{"id":122810,"date":"2021-07-30T12:47:15","date_gmt":"2021-07-30T16:47:15","guid":{"rendered":"https:\/\/linitiative.ca\/International\/evolution-du-coronavirus-au-maroc-9128-nouveaux-cas-615-999-au-total-vendredi-30-juillet-2021-a-16-heures\/"},"modified":"2021-07-30T12:47:15","modified_gmt":"2021-07-30T16:47:15","slug":"evolution-du-coronavirus-au-maroc-9128-nouveaux-cas-615-999-au-total-vendredi-30-juillet-2021-a-16-heures","status":"publish","type":"post","link":"https:\/\/linitiative.ca\/International\/evolution-du-coronavirus-au-maroc-9128-nouveaux-cas-615-999-au-total-vendredi-30-juillet-2021-a-16-heures\/","title":{"rendered":"\u00c9volution du coronavirus au Maroc. 9128 nouveaux cas, 615.999 au total, vendredi 30 juillet 2021 \u00e0 16 heures"},"content":{"rendered":"<div><img decoding=\"async\" width=\"592\" height=\"296\" src=\"https:\/\/linitiative.ca\/International\/wp-content\/uploads\/sites\/23\/2021\/07\/Chiffre-maroc-vendredi.jpg\" class=\"attachment-post-thumbnail size-post-thumbnail wp-post-image\" alt=\"\" loading=\"lazy\" srcset=\"https:\/\/linitiative.ca\/International\/wp-content\/uploads\/sites\/23\/2021\/07\/Chiffre-maroc-vendredi.jpg 592w, https:\/\/www.challenge.ma\/wp-content\/uploads\/2021\/07\/Chiffre-maroc-vendredi-300x150.jpg 300w, https:\/\/www.challenge.ma\/wp-content\/uploads\/2021\/07\/Chiffre-maroc-vendredi-360x180.jpg 360w\" sizes=\"auto, (max-width: 592px) 100vw, 592px\" itemprop=\"image\">9128 nouveaux cas d\u2019infection au coronavirus ont \u00e9t\u00e9 confirm\u00e9s au Maroc durant les derni\u00e8res 24h, portant le nombre total de cas de contamination \u00e0\u00a0615 999, a annonc\u00e9 le minist\u00e8re de la Sant\u00e9.\u00a0Le nombre de personnes d\u00e9clar\u00e9es gu\u00e9ries\u00a0s\u2019est \u00e9lev\u00e9 \u00e0 557.408\u00a0avec 4425 r\u00e9missions suppl\u00e9mentaires, alors que le nombre de d\u00e9c\u00e8s a<\/div>\n<p>Auteur: challenge<br \/>\n<a href=\"https:\/\/www.challenge.ma\/evolution-du-coronavirus-au-maroc-9128-nouveaux-cas-615-999-au-total-vendredi-30-juillet-2021-a-16-heures-194487\/\">Cliquez ici pour lire l&rsquo;article depuis sa source.<\/a><\/p>\n","protected":false},"excerpt":{"rendered":"<p>9128 nouveaux cas d\u2019infection au coronavirus ont \u00e9t\u00e9 confirm\u00e9s au Maroc durant les derni\u00e8res 24h, portant le nombre total de cas de contamination \u00e0\u00a0615 999, a annonc\u00e9 le minist\u00e8re de la Sant\u00e9.\u00a0Le nombre de personnes d\u00e9clar\u00e9es gu\u00e9ries\u00a0s\u2019est \u00e9lev\u00e9 \u00e0 557.408\u00a0avec 4425 r\u00e9missions suppl\u00e9mentaires, alors que le nombre de d\u00e9c\u00e8s a Auteur: challenge Cliquez ici pour [&hellip;]<\/p>\n","protected":false},"author":1787,"featured_media":0,"comment_status":"closed","ping_status":"closed","sticky":false,"template":"","format":"standard","meta":{"fifu_image_url":"https:\/\/www.challenge.ma\/wp-content\/uploads\/2021\/07\/Chiffre-maroc-vendredi.jpg","fifu_image_alt":"\u00c9volution du coronavirus au Maroc. 9128 nouveaux cas, 615.999 au total, vendredi 30 juillet 2021 \u00e0 16 heures","footnotes":""},"categories":[78,54],"tags":[],"class_list":["post-122810","post","type-post","status-publish","format-standard","hentry","category-economie","category-maroc"],"_links":{"self":[{"href":"https:\/\/linitiative.ca\/International\/wp-json\/wp\/v2\/posts\/122810","targetHints":{"allow":["GET"]}}],"collection":[{"href":"https:\/\/linitiative.ca\/International\/wp-json\/wp\/v2\/posts"}],"about":[{"href":"https:\/\/linitiative.ca\/International\/wp-json\/wp\/v2\/types\/post"}],"author":[{"embeddable":true,"href":"https:\/\/linitiative.ca\/International\/wp-json\/wp\/v2\/users\/1787"}],"replies":[{"embeddable":true,"href":"https:\/\/linitiative.ca\/International\/wp-json\/wp\/v2\/comments?post=122810"}],"version-history":[{"count":0,"href":"https:\/\/linitiative.ca\/International\/wp-json\/wp\/v2\/posts\/122810\/revisions"}],"wp:attachment":[{"href":"https:\/\/linitiative.ca\/International\/wp-json\/wp\/v2\/media?parent=122810"}],"wp:term":[{"taxonomy":"category","embeddable":true,"href":"https:\/\/linitiative.ca\/International\/wp-json\/wp\/v2\/categories?post=122810"},{"taxonomy":"post_tag","embeddable":true,"href":"https:\/\/linitiative.ca\/International\/wp-json\/wp\/v2\/tags?post=122810"}],"curies":[{"name":"wp","href":"https:\/\/api.w.org\/{rel}","templated":true}]}}