{"id":122812,"date":"2021-07-30T15:56:26","date_gmt":"2021-07-30T19:56:26","guid":{"rendered":"https:\/\/linitiative.ca\/International\/tunisie-la-presidence-de-larp-denonce-larrestation-du-depute-yassine-ayari\/"},"modified":"2021-07-30T15:56:26","modified_gmt":"2021-07-30T19:56:26","slug":"tunisie-la-presidence-de-larp-denonce-larrestation-du-depute-yassine-ayari","status":"publish","type":"post","link":"https:\/\/linitiative.ca\/International\/tunisie-la-presidence-de-larp-denonce-larrestation-du-depute-yassine-ayari\/","title":{"rendered":"Tunisie : La Pr\u00e9sidence de l\u2019ARP d\u00e9nonce l\u2019arrestation du d\u00e9put\u00e9 Yassine Ayari"},"content":{"rendered":"<div>\n<p>La pr\u00e9sidence de l\u2019ARP a annonc\u00e9 dans un communiqu\u00e9 rendu public le 30 juillet 2021, que selon les donn\u00e9es m\u00e9diatiques dont ils disposent et le communiqu\u00e9 des avocats au sujet de l\u2019arrestation du d\u00e9put\u00e9 ind\u00e9pendant, Yassine Ayari cet apr\u00e8s-midi, la Pr\u00e9sidence du Conseil d\u00e9nonce son arrestation ill\u00e9gale qui touche le caract\u00e8re sacr\u00e9 des repr\u00e9sentants du [\u2026]<\/p>\n<p>L\u2019article <a href=\"https:\/\/www.tunisienumerique.com\/tunisie-la-presidence-de-larp-denonce-larrestation-du-depute-yassine-ayari\/\">Tunisie : La Pr\u00e9sidence de l\u2019ARP d\u00e9nonce l\u2019arrestation du d\u00e9put\u00e9 Yassine Ayari<\/a> est apparu en premier sur <a href=\"https:\/\/www.tunisienumerique.com\/\">Tunisie<\/a>.<\/p>\n<\/div>\n<p>Auteur: rania ben slimane<br \/>\n<a href=\"https:\/\/www.tunisienumerique.com\/tunisie-la-presidence-de-larp-denonce-larrestation-du-depute-yassine-ayari\/\">Cliquez ici pour lire l&rsquo;article depuis sa source.<\/a><\/p>\n","protected":false},"excerpt":{"rendered":"<p>La pr\u00e9sidence de l\u2019ARP a annonc\u00e9 dans un communiqu\u00e9 rendu public le 30 juillet 2021, que selon les donn\u00e9es m\u00e9diatiques dont ils disposent et le communiqu\u00e9 des avocats au sujet de l\u2019arrestation du d\u00e9put\u00e9 ind\u00e9pendant, Yassine Ayari cet apr\u00e8s-midi, la Pr\u00e9sidence du Conseil d\u00e9nonce son arrestation ill\u00e9gale qui touche le caract\u00e8re sacr\u00e9 des repr\u00e9sentants du [&hellip;]<\/p>\n","protected":false},"author":1789,"featured_media":0,"comment_status":"closed","ping_status":"closed","sticky":false,"template":"","format":"standard","meta":{"fifu_image_url":"","fifu_image_alt":"","footnotes":""},"categories":[73,55],"tags":[],"class_list":["post-122812","post","type-post","status-publish","format-standard","hentry","category-actualite","category-tunisie"],"_links":{"self":[{"href":"https:\/\/linitiative.ca\/International\/wp-json\/wp\/v2\/posts\/122812","targetHints":{"allow":["GET"]}}],"collection":[{"href":"https:\/\/linitiative.ca\/International\/wp-json\/wp\/v2\/posts"}],"about":[{"href":"https:\/\/linitiative.ca\/International\/wp-json\/wp\/v2\/types\/post"}],"author":[{"embeddable":true,"href":"https:\/\/linitiative.ca\/International\/wp-json\/wp\/v2\/users\/1789"}],"replies":[{"embeddable":true,"href":"https:\/\/linitiative.ca\/International\/wp-json\/wp\/v2\/comments?post=122812"}],"version-history":[{"count":0,"href":"https:\/\/linitiative.ca\/International\/wp-json\/wp\/v2\/posts\/122812\/revisions"}],"wp:attachment":[{"href":"https:\/\/linitiative.ca\/International\/wp-json\/wp\/v2\/media?parent=122812"}],"wp:term":[{"taxonomy":"category","embeddable":true,"href":"https:\/\/linitiative.ca\/International\/wp-json\/wp\/v2\/categories?post=122812"},{"taxonomy":"post_tag","embeddable":true,"href":"https:\/\/linitiative.ca\/International\/wp-json\/wp\/v2\/tags?post=122812"}],"curies":[{"name":"wp","href":"https:\/\/api.w.org\/{rel}","templated":true}]}}