{"id":122813,"date":"2021-07-30T16:24:15","date_gmt":"2021-07-30T20:24:15","guid":{"rendered":"https:\/\/linitiative.ca\/International\/tunisie-urgent-revision-de-lhoraire-du-couvre-feu\/"},"modified":"2021-07-30T16:24:15","modified_gmt":"2021-07-30T20:24:15","slug":"tunisie-urgent-revision-de-lhoraire-du-couvre-feu","status":"publish","type":"post","link":"https:\/\/linitiative.ca\/International\/tunisie-urgent-revision-de-lhoraire-du-couvre-feu\/","title":{"rendered":"Tunisie \u2013 URGENT\u00a0: R\u00e9vision de l\u2019horaire du couvre feu\u00a0!"},"content":{"rendered":"<div>\n<p>La pr\u00e9sidence de la R\u00e9publique vient de publier un communiqu\u00e9 pour annoncer que le pr\u00e9sident Ka\u00efs Sa\u00efed a d\u00e9cid\u00e9 de r\u00e9viser l\u2019horaire du couvre feu, et ce, \u00e0 partir du er ao\u00fbt. De fa\u00e7on \u00e0 ce qu\u2019il d\u00e9bute \u00e0 22H00 et se termine \u00e0 05H00. Il a par ailleurs \u00e9t\u00e9 d\u00e9cid\u00e9 de maintenir l\u2019interdiction des [\u2026]<\/p>\n<p>L\u2019article <a href=\"https:\/\/www.tunisienumerique.com\/tunisie-urgent-revision-de-lhoraire-du-couvre-feu\/\">Tunisie \u2013 URGENT\u00a0: R\u00e9vision de l\u2019horaire du couvre feu\u00a0!<\/a> est apparu en premier sur <a href=\"https:\/\/www.tunisienumerique.com\/\">Tunisie<\/a>.<\/p>\n<\/div>\n<p>Auteur: LM<br \/>\n<a href=\"https:\/\/www.tunisienumerique.com\/tunisie-urgent-revision-de-lhoraire-du-couvre-feu\/\">Cliquez ici pour lire l&rsquo;article depuis sa source.<\/a><\/p>\n","protected":false},"excerpt":{"rendered":"<p>La pr\u00e9sidence de la R\u00e9publique vient de publier un communiqu\u00e9 pour annoncer que le pr\u00e9sident Ka\u00efs Sa\u00efed a d\u00e9cid\u00e9 de r\u00e9viser l\u2019horaire du couvre feu, et ce, \u00e0 partir du er ao\u00fbt. De fa\u00e7on \u00e0 ce qu\u2019il d\u00e9bute \u00e0 22H00 et se termine \u00e0 05H00. Il a par ailleurs \u00e9t\u00e9 d\u00e9cid\u00e9 de maintenir l\u2019interdiction des [&hellip;]<\/p>\n","protected":false},"author":1789,"featured_media":0,"comment_status":"closed","ping_status":"closed","sticky":false,"template":"","format":"standard","meta":{"fifu_image_url":"","fifu_image_alt":"","footnotes":""},"categories":[73,55],"tags":[],"class_list":["post-122813","post","type-post","status-publish","format-standard","hentry","category-actualite","category-tunisie"],"_links":{"self":[{"href":"https:\/\/linitiative.ca\/International\/wp-json\/wp\/v2\/posts\/122813","targetHints":{"allow":["GET"]}}],"collection":[{"href":"https:\/\/linitiative.ca\/International\/wp-json\/wp\/v2\/posts"}],"about":[{"href":"https:\/\/linitiative.ca\/International\/wp-json\/wp\/v2\/types\/post"}],"author":[{"embeddable":true,"href":"https:\/\/linitiative.ca\/International\/wp-json\/wp\/v2\/users\/1789"}],"replies":[{"embeddable":true,"href":"https:\/\/linitiative.ca\/International\/wp-json\/wp\/v2\/comments?post=122813"}],"version-history":[{"count":0,"href":"https:\/\/linitiative.ca\/International\/wp-json\/wp\/v2\/posts\/122813\/revisions"}],"wp:attachment":[{"href":"https:\/\/linitiative.ca\/International\/wp-json\/wp\/v2\/media?parent=122813"}],"wp:term":[{"taxonomy":"category","embeddable":true,"href":"https:\/\/linitiative.ca\/International\/wp-json\/wp\/v2\/categories?post=122813"},{"taxonomy":"post_tag","embeddable":true,"href":"https:\/\/linitiative.ca\/International\/wp-json\/wp\/v2\/tags?post=122813"}],"curies":[{"name":"wp","href":"https:\/\/api.w.org\/{rel}","templated":true}]}}