{"id":122814,"date":"2021-07-30T16:42:05","date_gmt":"2021-07-30T20:42:05","guid":{"rendered":"https:\/\/linitiative.ca\/International\/tunisie-video-kais-saied-sadresse-au-monde-a-travers-newyork-times\/"},"modified":"2021-07-30T16:42:05","modified_gmt":"2021-07-30T20:42:05","slug":"tunisie-video-kais-saied-sadresse-au-monde-a-travers-newyork-times","status":"publish","type":"post","link":"https:\/\/linitiative.ca\/International\/tunisie-video-kais-saied-sadresse-au-monde-a-travers-newyork-times\/","title":{"rendered":"Tunisie \u2013 VIDEO\u00a0: Ka\u00efs Sa\u00efed s\u2019adresse au monde \u00e0 travers NewYork Times"},"content":{"rendered":"<div>\n<p>Le pr\u00e9sident de la R\u00e9publique, Ka\u00efs Sa\u00efed, a re\u00e7u, ce vendredi, des reporters du New York Times. Il leur a souhait\u00e9 la bienvenue dans le pays des droits et des libert\u00e9s. Il leur a assur\u00e9 qu\u2019il ne leur accordait pas un entretien, mais qu\u2019il veut passer, \u00e0 travers eux, un message aux tunisiens et au [\u2026]<\/p>\n<p>L\u2019article <a href=\"https:\/\/www.tunisienumerique.com\/tunisie-video-kais-saied-sadresse-au-monde-a-travers-newyork-times\/\">Tunisie \u2013 VIDEO\u00a0: Ka\u00efs Sa\u00efed s\u2019adresse au monde \u00e0 travers NewYork Times<\/a> est apparu en premier sur <a href=\"https:\/\/www.tunisienumerique.com\/\">Tunisie<\/a>.<\/p>\n<\/div>\n<p>Auteur: LM<br \/>\n<a href=\"https:\/\/www.tunisienumerique.com\/tunisie-video-kais-saied-sadresse-au-monde-a-travers-newyork-times\/\">Cliquez ici pour lire l&rsquo;article depuis sa source.<\/a><\/p>\n","protected":false},"excerpt":{"rendered":"<p>Le pr\u00e9sident de la R\u00e9publique, Ka\u00efs Sa\u00efed, a re\u00e7u, ce vendredi, des reporters du New York Times. Il leur a souhait\u00e9 la bienvenue dans le pays des droits et des libert\u00e9s. Il leur a assur\u00e9 qu\u2019il ne leur accordait pas un entretien, mais qu\u2019il veut passer, \u00e0 travers eux, un message aux tunisiens et au [&hellip;]<\/p>\n","protected":false},"author":1789,"featured_media":0,"comment_status":"closed","ping_status":"closed","sticky":false,"template":"","format":"standard","meta":{"fifu_image_url":"","fifu_image_alt":"","footnotes":""},"categories":[73,55],"tags":[],"class_list":["post-122814","post","type-post","status-publish","format-standard","hentry","category-actualite","category-tunisie"],"_links":{"self":[{"href":"https:\/\/linitiative.ca\/International\/wp-json\/wp\/v2\/posts\/122814","targetHints":{"allow":["GET"]}}],"collection":[{"href":"https:\/\/linitiative.ca\/International\/wp-json\/wp\/v2\/posts"}],"about":[{"href":"https:\/\/linitiative.ca\/International\/wp-json\/wp\/v2\/types\/post"}],"author":[{"embeddable":true,"href":"https:\/\/linitiative.ca\/International\/wp-json\/wp\/v2\/users\/1789"}],"replies":[{"embeddable":true,"href":"https:\/\/linitiative.ca\/International\/wp-json\/wp\/v2\/comments?post=122814"}],"version-history":[{"count":0,"href":"https:\/\/linitiative.ca\/International\/wp-json\/wp\/v2\/posts\/122814\/revisions"}],"wp:attachment":[{"href":"https:\/\/linitiative.ca\/International\/wp-json\/wp\/v2\/media?parent=122814"}],"wp:term":[{"taxonomy":"category","embeddable":true,"href":"https:\/\/linitiative.ca\/International\/wp-json\/wp\/v2\/categories?post=122814"},{"taxonomy":"post_tag","embeddable":true,"href":"https:\/\/linitiative.ca\/International\/wp-json\/wp\/v2\/tags?post=122814"}],"curies":[{"name":"wp","href":"https:\/\/api.w.org\/{rel}","templated":true}]}}