{"id":122815,"date":"2021-07-30T16:55:13","date_gmt":"2021-07-30T20:55:13","guid":{"rendered":"https:\/\/linitiative.ca\/International\/ennahdha-des-medias-hostiles-a-la-tunisie-ont-modifie-la-declaration-de-ghannouchi\/"},"modified":"2021-07-30T16:55:13","modified_gmt":"2021-07-30T20:55:13","slug":"ennahdha-des-medias-hostiles-a-la-tunisie-ont-modifie-la-declaration-de-ghannouchi","status":"publish","type":"post","link":"https:\/\/linitiative.ca\/International\/ennahdha-des-medias-hostiles-a-la-tunisie-ont-modifie-la-declaration-de-ghannouchi\/","title":{"rendered":"Ennahdha : \u00ab Des m\u00e9dias hostiles \u00e0 la Tunisie ont modifi\u00e9 la d\u00e9claration de Ghannouchi \u00bb"},"content":{"rendered":"<div>\n<p>Le mouvement Ennahdha a d\u00e9clar\u00e9 dans un communiqu\u00e9 rendu public le 30 juillet 2021 sur sa page que Certains m\u00e9dias et sites Web arabes ont d\u00e9lib\u00e9r\u00e9ment modifi\u00e9 la d\u00e9claration de Rached Ghannouchi accord\u00e9e au journal italien Correra de La Serra. \u00ab \u00c0 cet \u00e9gard, nous tenons \u00e0 souligner que contrairement \u00e0 ce qui a \u00e9t\u00e9 [\u2026]<\/p>\n<p>L\u2019article <a href=\"https:\/\/www.tunisienumerique.com\/ennahdha-des-medias-hostiles-a-la-tunisie-ont-modifie-la-declaration-de-ghannouchi\/\">Ennahdha : \u00ab Des m\u00e9dias hostiles \u00e0 la Tunisie ont modifi\u00e9 la d\u00e9claration de Ghannouchi \u00bb<\/a> est apparu en premier sur <a href=\"https:\/\/www.tunisienumerique.com\/\">Tunisie<\/a>.<\/p>\n<\/div>\n<p>Auteur: rania ben slimane<br \/>\n<a href=\"https:\/\/www.tunisienumerique.com\/ennahdha-des-medias-hostiles-a-la-tunisie-ont-modifie-la-declaration-de-ghannouchi\/\">Cliquez ici pour lire l&rsquo;article depuis sa source.<\/a><\/p>\n","protected":false},"excerpt":{"rendered":"<p>Le mouvement Ennahdha a d\u00e9clar\u00e9 dans un communiqu\u00e9 rendu public le 30 juillet 2021 sur sa page que Certains m\u00e9dias et sites Web arabes ont d\u00e9lib\u00e9r\u00e9ment modifi\u00e9 la d\u00e9claration de Rached Ghannouchi accord\u00e9e au journal italien Correra de La Serra. \u00ab \u00c0 cet \u00e9gard, nous tenons \u00e0 souligner que contrairement \u00e0 ce qui a \u00e9t\u00e9 [&hellip;]<\/p>\n","protected":false},"author":1789,"featured_media":0,"comment_status":"closed","ping_status":"closed","sticky":false,"template":"","format":"standard","meta":{"fifu_image_url":"","fifu_image_alt":"","footnotes":""},"categories":[73,55],"tags":[],"class_list":["post-122815","post","type-post","status-publish","format-standard","hentry","category-actualite","category-tunisie"],"_links":{"self":[{"href":"https:\/\/linitiative.ca\/International\/wp-json\/wp\/v2\/posts\/122815","targetHints":{"allow":["GET"]}}],"collection":[{"href":"https:\/\/linitiative.ca\/International\/wp-json\/wp\/v2\/posts"}],"about":[{"href":"https:\/\/linitiative.ca\/International\/wp-json\/wp\/v2\/types\/post"}],"author":[{"embeddable":true,"href":"https:\/\/linitiative.ca\/International\/wp-json\/wp\/v2\/users\/1789"}],"replies":[{"embeddable":true,"href":"https:\/\/linitiative.ca\/International\/wp-json\/wp\/v2\/comments?post=122815"}],"version-history":[{"count":0,"href":"https:\/\/linitiative.ca\/International\/wp-json\/wp\/v2\/posts\/122815\/revisions"}],"wp:attachment":[{"href":"https:\/\/linitiative.ca\/International\/wp-json\/wp\/v2\/media?parent=122815"}],"wp:term":[{"taxonomy":"category","embeddable":true,"href":"https:\/\/linitiative.ca\/International\/wp-json\/wp\/v2\/categories?post=122815"},{"taxonomy":"post_tag","embeddable":true,"href":"https:\/\/linitiative.ca\/International\/wp-json\/wp\/v2\/tags?post=122815"}],"curies":[{"name":"wp","href":"https:\/\/api.w.org\/{rel}","templated":true}]}}