{"id":122816,"date":"2021-07-30T17:02:02","date_gmt":"2021-07-30T21:02:02","guid":{"rendered":"https:\/\/linitiative.ca\/International\/tunisie-ghannouchi-fait-face-a-la-colere-des-nahdhaouis\/"},"modified":"2021-07-30T17:02:02","modified_gmt":"2021-07-30T21:02:02","slug":"tunisie-ghannouchi-fait-face-a-la-colere-des-nahdhaouis","status":"publish","type":"post","link":"https:\/\/linitiative.ca\/International\/tunisie-ghannouchi-fait-face-a-la-colere-des-nahdhaouis\/","title":{"rendered":"Tunisie \u2013 Ghannouchi fait face \u00e0 la col\u00e8re des nahdhaouis"},"content":{"rendered":"<div>\n<p>Les temps sont mauvais pour Ghannouchi et son clan, \u00e0 l\u2019int\u00e9rieur, m\u00eame, du temple bleu de Mont plaisir. Un courant grandissant et mena\u00e7ant est en train de se manifester au sein du parti, pour appeler le pr\u00e9sident Ghannouchi \u00e0 se retirer, d\u00e9finitivement, de la vie politique et de l\u2019annoncer imm\u00e9diatement, puis d\u2019organiser le congr\u00e8s du [\u2026]<\/p>\n<p>L\u2019article <a href=\"https:\/\/www.tunisienumerique.com\/tunisie-ghannouchi-fait-face-a-la-colere-des-nahdhaouis\/\">Tunisie \u2013 Ghannouchi fait face \u00e0 la col\u00e8re des nahdhaouis<\/a> est apparu en premier sur <a href=\"https:\/\/www.tunisienumerique.com\/\">Tunisie<\/a>.<\/p>\n<\/div>\n<p>Auteur: Ramsis<br \/>\n<a href=\"https:\/\/www.tunisienumerique.com\/tunisie-ghannouchi-fait-face-a-la-colere-des-nahdhaouis\/\">Cliquez ici pour lire l&rsquo;article depuis sa source.<\/a><\/p>\n","protected":false},"excerpt":{"rendered":"<p>Les temps sont mauvais pour Ghannouchi et son clan, \u00e0 l\u2019int\u00e9rieur, m\u00eame, du temple bleu de Mont plaisir. Un courant grandissant et mena\u00e7ant est en train de se manifester au sein du parti, pour appeler le pr\u00e9sident Ghannouchi \u00e0 se retirer, d\u00e9finitivement, de la vie politique et de l\u2019annoncer imm\u00e9diatement, puis d\u2019organiser le congr\u00e8s du [&hellip;]<\/p>\n","protected":false},"author":1789,"featured_media":0,"comment_status":"closed","ping_status":"closed","sticky":false,"template":"","format":"standard","meta":{"fifu_image_url":"","fifu_image_alt":"","footnotes":""},"categories":[73,55],"tags":[],"class_list":["post-122816","post","type-post","status-publish","format-standard","hentry","category-actualite","category-tunisie"],"_links":{"self":[{"href":"https:\/\/linitiative.ca\/International\/wp-json\/wp\/v2\/posts\/122816","targetHints":{"allow":["GET"]}}],"collection":[{"href":"https:\/\/linitiative.ca\/International\/wp-json\/wp\/v2\/posts"}],"about":[{"href":"https:\/\/linitiative.ca\/International\/wp-json\/wp\/v2\/types\/post"}],"author":[{"embeddable":true,"href":"https:\/\/linitiative.ca\/International\/wp-json\/wp\/v2\/users\/1789"}],"replies":[{"embeddable":true,"href":"https:\/\/linitiative.ca\/International\/wp-json\/wp\/v2\/comments?post=122816"}],"version-history":[{"count":0,"href":"https:\/\/linitiative.ca\/International\/wp-json\/wp\/v2\/posts\/122816\/revisions"}],"wp:attachment":[{"href":"https:\/\/linitiative.ca\/International\/wp-json\/wp\/v2\/media?parent=122816"}],"wp:term":[{"taxonomy":"category","embeddable":true,"href":"https:\/\/linitiative.ca\/International\/wp-json\/wp\/v2\/categories?post=122816"},{"taxonomy":"post_tag","embeddable":true,"href":"https:\/\/linitiative.ca\/International\/wp-json\/wp\/v2\/tags?post=122816"}],"curies":[{"name":"wp","href":"https:\/\/api.w.org\/{rel}","templated":true}]}}