{"id":122817,"date":"2021-07-29T19:49:53","date_gmt":"2021-07-29T23:49:53","guid":{"rendered":"https:\/\/linitiative.ca\/International\/commission-electorale-nationale-independante-elysee-ouedraogo-elu-president\/"},"modified":"2021-07-29T19:49:53","modified_gmt":"2021-07-29T23:49:53","slug":"commission-electorale-nationale-independante-elysee-ouedraogo-elu-president","status":"publish","type":"post","link":"https:\/\/linitiative.ca\/International\/commission-electorale-nationale-independante-elysee-ouedraogo-elu-president\/","title":{"rendered":"Commission \u00e9lectorale nationale ind\u00e9pendante : Elys\u00e9e Ou\u00e9draogo \u00e9lu pr\u00e9sident"},"content":{"rendered":"<div>\n<p><strong>Elis\u00e9e Ou\u00e9draogo a \u00e9t\u00e9 \u00e9lu pr\u00e9sident de la Commission \u00e9lectorale nationale ind\u00e9pendante (CENI), le jeudi 29 juillet 2021 \u00e0 Ouagadougou, par 13 voix sur 15. Il est second\u00e9 par Yamba Malick Sawadogo de la majorit\u00e9 pr\u00e9sidentielle et R\u00e9liwend\u00e9 Aboubacar Sawadogo de l\u2019opposition politique.<\/strong><\/p>\n<p>Apr\u00e8s le rendez-vous manqu\u00e9 du 15 juillet du fait de l\u2019absence de six commissaires suite \u00e0 la r\u00e9cusation du chef de Sao Bonaventure Ou\u00e9draogo par l\u2019opposition politique, l\u2019\u00e9lection du pr\u00e9sident de la Commission \u00e9lectorale nationale ind\u00e9pendante (CENI) a finalement eu lieu dans la soir\u00e9e du jeudi 29 juillet 2021 \u00e0 Ouagadougou. Pr\u00e9vue pour 15h, c\u2019est finalement \u00e0 18h que la rencontre portant \u00e9lection du pr\u00e9sident de la CENI et des membres du bureau a d\u00e9but\u00e9 avec la mise en place d\u2019un bureau de s\u00e9ance, compos\u00e9 du commissaire le plus \u00e2g\u00e9 et de la commissaire la plus jeune.<\/p>\n<p>Apr\u00e8s environ deux heures de concertation et en l\u2019absence d\u2019un consensus pour le poste de pr\u00e9sident, les commissaires ont proc\u00e9d\u00e9 au vote par bulletin secret. Et, c\u2019est finalement le magistrat Elys\u00e9e Ou\u00e9draogo, commissaire repr\u00e9sentant la communaut\u00e9 catholique, qui a \u00e9t\u00e9 d\u00e9sign\u00e9 pr\u00e9sident de la CENI par 13 voix sur 15 contre son challenger Adama Kafando, commissaire de la communaut\u00e9 musulmane, qui a obtenu deux voix. Le pr\u00e9sident \u00e9lu est second\u00e9 par Yamba Malick Sawadogo de la majorit\u00e9 pr\u00e9sidentielle et R\u00e9liwend\u00e9 Aboubacar Sawadogo de l\u2019opposition (CFOP), \u00e9lus vice-pr\u00e9sidents. Ousmane Ou\u00e9draogo et Tass\u00e9r\u00e9 Savadogo ont, pour leur part, \u00e9t\u00e9 \u00e9lus respectivement rapporteurs au titre de la majorit\u00e9 et de l\u2019opposition politique avec 15 voix sur 15 chacun.<\/p>\n<p>Aussit\u00f4t \u00e9lu, le nouveau pr\u00e9sident de la CENI a d\u00e9j\u00e0 \u00e0 c\u0153ur de relever les principaux d\u00e9fis de l\u2019institution dont l\u2019organisation des \u00e9lections municipales. \u00ab Nous devons nous atteler \u00e0 \u00eatre \u00e0 la hauteur de cette premi\u00e8re \u00e9ch\u00e9ance \u00bb, a-t-il d\u00e9clar\u00e9. Le second d\u00e9fi que Elys\u00e9e et ses coll\u00e8gues ont promis de relever est celui de travailler dans une coll\u00e9gialit\u00e9 afin de garantir une s\u00e9r\u00e9nit\u00e9 de l\u2019institution. \u00ab L\u2019\u00e9lection du pr\u00e9sent du bureau n\u2019a pas \u00e9t\u00e9 un long fleuve tranquille. Mais toutes ces difficult\u00e9s sont derri\u00e8re nous.<\/p>\n<p>Nous regardons d\u00e9sormais dans la m\u00eame direction. Avec l\u2019ensemble des commissaires, nous sommes engag\u00e9s \u00e0 faire face \u00e0 l\u2019ensemble des d\u00e9fis auxquels nous seront confront\u00e9s \u00bb, a-t-il soutenu. Le ministre d\u2019Etat, ministre de l\u2019Administration<br \/>\nterritoriale et de la D\u00e9centralisation, Cl\u00e9ment Sawadogo, pour sa part, a dit ne pas douter des chances de r\u00e9ussite de ce nouveau bureau. \u00ab Je n\u2019ai aucune crainte. Cette CENI sera responsable et tr\u00e8s<br \/>\nefficace\u00bb, a-t-il d\u00e9clar\u00e9.<\/p>\n<p style=\"text-align: right\"><strong>Nad\u00e8ge YAMEOGO<\/strong><\/p>\n<p>L\u2019article <a rel=\"nofollow\" href=\"https:\/\/www.sidwaya.info\/blog\/2021\/07\/29\/commission-electorale-nationale-independante-elysee-ouedraogo-elu-president\/\">Commission \u00e9lectorale nationale ind\u00e9pendante : Elys\u00e9e Ou\u00e9draogo \u00e9lu pr\u00e9sident<\/a> est apparu en premier sur <a rel=\"nofollow\" href=\"https:\/\/www.sidwaya.info\/\">Quotidien Sidwaya<\/a>.<\/p>\n<\/div>\n<p>Auteur: JK. Sidwaya<br \/>\n<a href=\"https:\/\/www.sidwaya.info\/blog\/2021\/07\/29\/commission-electorale-nationale-independante-elysee-ouedraogo-elu-president\/\">Cliquez ici pour lire l&rsquo;article depuis sa source.<\/a><\/p>\n","protected":false},"excerpt":{"rendered":"<p>Elis\u00e9e Ou\u00e9draogo a \u00e9t\u00e9 \u00e9lu pr\u00e9sident de la Commission \u00e9lectorale nationale ind\u00e9pendante (CENI), le jeudi 29 juillet 2021 \u00e0 Ouagadougou, par 13 voix sur 15. Il est second\u00e9 par Yamba Malick Sawadogo de la majorit\u00e9 pr\u00e9sidentielle et R\u00e9liwend\u00e9 Aboubacar Sawadogo de l\u2019opposition politique. Apr\u00e8s le rendez-vous manqu\u00e9 du 15 juillet du fait de l\u2019absence de [&hellip;]<\/p>\n","protected":false},"author":1816,"featured_media":0,"comment_status":"closed","ping_status":"closed","sticky":false,"template":"","format":"standard","meta":{"fifu_image_url":"","fifu_image_alt":"","footnotes":""},"categories":[73,81],"tags":[],"class_list":["post-122817","post","type-post","status-publish","format-standard","hentry","category-actualite","category-burkina-faso"],"_links":{"self":[{"href":"https:\/\/linitiative.ca\/International\/wp-json\/wp\/v2\/posts\/122817","targetHints":{"allow":["GET"]}}],"collection":[{"href":"https:\/\/linitiative.ca\/International\/wp-json\/wp\/v2\/posts"}],"about":[{"href":"https:\/\/linitiative.ca\/International\/wp-json\/wp\/v2\/types\/post"}],"author":[{"embeddable":true,"href":"https:\/\/linitiative.ca\/International\/wp-json\/wp\/v2\/users\/1816"}],"replies":[{"embeddable":true,"href":"https:\/\/linitiative.ca\/International\/wp-json\/wp\/v2\/comments?post=122817"}],"version-history":[{"count":0,"href":"https:\/\/linitiative.ca\/International\/wp-json\/wp\/v2\/posts\/122817\/revisions"}],"wp:attachment":[{"href":"https:\/\/linitiative.ca\/International\/wp-json\/wp\/v2\/media?parent=122817"}],"wp:term":[{"taxonomy":"category","embeddable":true,"href":"https:\/\/linitiative.ca\/International\/wp-json\/wp\/v2\/categories?post=122817"},{"taxonomy":"post_tag","embeddable":true,"href":"https:\/\/linitiative.ca\/International\/wp-json\/wp\/v2\/tags?post=122817"}],"curies":[{"name":"wp","href":"https:\/\/api.w.org\/{rel}","templated":true}]}}