{"id":122819,"date":"2021-07-29T20:51:22","date_gmt":"2021-07-30T00:51:22","guid":{"rendered":"https:\/\/linitiative.ca\/International\/securite-alimentaire-un-reseau-de-contrefacteurs-demantele\/"},"modified":"2021-07-29T20:51:22","modified_gmt":"2021-07-30T00:51:22","slug":"securite-alimentaire-un-reseau-de-contrefacteurs-demantele","status":"publish","type":"post","link":"https:\/\/linitiative.ca\/International\/securite-alimentaire-un-reseau-de-contrefacteurs-demantele\/","title":{"rendered":"S\u00e9curit\u00e9 alimentaire : un r\u00e9seau de contrefacteurs d\u00e9mantel\u00e9"},"content":{"rendered":"<div>\n<p><strong>Le Service r\u00e9gional de la police judiciaire\u00a0(SRPJ) du Centre a anim\u00e9 une conf\u00e9rence de presse, le jeudi 29 juillet 2021, \u00e0 Ouagadougou. Il a pr\u00e9sent\u00e9 aux journalistes des produits prohib\u00e9s saisis.<\/strong><\/p>\n<p>Dans sa mission r\u00e9galienne de protection des personnes et de leurs biens, le Service r\u00e9gional de la police judiciaire\u00a0(SRPJ) du Centre vient de mettre fin aux activit\u00e9s d\u2019un r\u00e9seau sp\u00e9cialis\u00e9 en contrefa\u00e7on de produits divers de grande consommation. C\u2019est \u00e0 cet effet qu\u2019il a anim\u00e9 une conf\u00e9rence de presse, le jeudi 29 juillet 2021, \u00e0 Ouagadougou pour pr\u00e9senter ces pr\u00e9sum\u00e9s auteurs et attirer l\u2019attention des populations sur la qualit\u00e9 des produits qu\u2019elles consomment.<\/p>\n<p>Estim\u00e9s \u00e0 une dizaine de millions F CFA, c\u2019est plus de 9 000 produits prohib\u00e9s qui ont \u00e9t\u00e9 saisis par le SRPJ du Centre. Mais, plus de 3 000 cartons de produits divers ont \u00e9t\u00e9 \u00e9coul\u00e9s sur le march\u00e9. Ainsi les produits concern\u00e9s sont du sel de table, du vinaigre, des ar\u00f4mes et de l\u2019eau de javel. Au total cinq employ\u00e9s de commerce ont \u00e9t\u00e9 interpel\u00e9s pour fabrication de produits contrefaits. Selon le commissaire principal de police, Sayibou Galban\u00e9, les contrefacteurs, dont deux sont en cavale, exer\u00e7aient cette activit\u00e9 depuis trois ans. De leur mode op\u00e9ratoire, a expliqu\u00e9 M. Galban\u00e9, ils exer\u00e7aient clandestinement dans leurs domiciles situ\u00e9s \u00e0 Saaba et Warsin\/Zone 1 de la ville de Ouagadougou.<\/p>\n<p>\u00ab\u00a0Ils y fabriquent lesdits produits et les conditionnent dans des emballages recycl\u00e9s qu\u2019ils se procurent avec des personnes dans les march\u00e9s de Boins-Yaar\u00e9 et Sankar-Yaar\u00e9. Apr\u00e8s, ils contactent leurs complices qui, \u00e0 l\u2019aide de tricycles, se chargent de les livrer aux diff\u00e9rents clients\u00a0\u00bb, a-t-il ajout\u00e9. Ainsi, les produits sont livr\u00e9s dans les provinces et \u00e0 Ouagadougou dans les grandes boutiques de la Zone d\u2019activit\u00e9s diverses (ZAD), au grand march\u00e9, \u00e0 c\u00f4t\u00e9 du cimeti\u00e8re municipal et de Sankar-yaar\u00e9.<\/p>\n<figure id=\"attachment_37999\" aria-describedby=\"caption-attachment-37999\" style=\"width: 300px\" class=\"wp-caption alignright\"><img decoding=\"async\" loading=\"lazy\" class=\"size-medium wp-image-37999\" src=\"https:\/\/linitiative.ca\/International\/wp-content\/uploads\/sites\/23\/2021\/07\/illicite-2-300x233-1.jpg\" alt=\"\" width=\"300\" height=\"233\" srcset=\"https:\/\/linitiative.ca\/International\/wp-content\/uploads\/sites\/23\/2021\/07\/illicite-2-300x233-1.jpg 300w, https:\/\/www.sidwaya.info\/wp-content\/uploads\/2021\/07\/illicite-2-768x598.jpg 768w, https:\/\/www.sidwaya.info\/wp-content\/uploads\/2021\/07\/illicite-2-150x117.jpg 150w, https:\/\/www.sidwaya.info\/wp-content\/uploads\/2021\/07\/illicite-2-696x542.jpg 696w, https:\/\/www.sidwaya.info\/wp-content\/uploads\/2021\/07\/illicite-2-540x420.jpg 540w, https:\/\/www.sidwaya.info\/wp-content\/uploads\/2021\/07\/illicite-2.jpg 780w\" sizes=\"auto, (max-width: 300px) 100vw, 300px\"><figcaption id=\"caption-attachment-37999\" class=\"wp-caption-text\">Le commissaire principal de police, Sayibou Galban\u00e9, a appel\u00e9 les autorit\u00e9s en charge du commerce et la ligue des consommateurs \u00e0 accentuer les contr\u00f4les aupr\u00e8s des boutiques.<\/figcaption><\/figure>\n<p>Il a soulign\u00e9 que les emballages utilis\u00e9s sont de marques Madar, La Croix pour les eaux de javel, Deltasalt, Top Budget Sel Fin, Sel de mer iod\u00e9 pour les sels de table et les essences 3 Lion pour les ar\u00f4mes. Par cons\u00e9quent, le commissaire de police, Josu\u00e9 Zabsonr\u00e9 a appel\u00e9 les consommateurs \u00e0 plus de prudence. De ce fait, il a donn\u00e9 quelques indices afin de distinguer le vrai produit du faux. Pour les contrefa\u00e7ons, il a relev\u00e9, entre autres, les emballages us\u00e9s, les dates de p\u00e9remption mises au tampon, les impuret\u00e9s \u00ab\u00a0sous-marin\u00a0\u00bb dans les ar\u00f4mes, l\u2019absence de scellage et de\u00a0\u00ab\u00a0craquages\u00a0\u00bb \u00e0 l\u2019ouverture des bouteilles. Quant aux maisons-m\u00e8res, il les a invit\u00e9es \u00e0 r\u00e9guli\u00e8rement changer leurs emballages afin d\u2019\u00e9viter les imitations des malfaiteurs.<\/p>\n<p>Pour une confiance entre le fabriquant et les consommateurs, M. Zabsonr\u00e9 les a exhort\u00e9s \u00e0 plus de pr\u00e9cautions. \u00ab\u00a0Nous les invitons \u00e0 beaucoup communiquer sur leurs produits, voire, \u00e0 intervalle r\u00e9gulier, modifier l\u00e9g\u00e8rement l\u2019aspect de leurs emballages afin d\u2019\u00e9viter aux contrefacteurs de suivre le rythme\u00a0\u00bb, a-t-il souhait\u00e9. Quant au pr\u00e9sident de la Ligue des consommateurs, Dasman\u00e9 Traor\u00e9, il a convi\u00e9 la population \u00e0 d\u00e9noncer ces malfaiteurs. Car, a-t-il dit-il, le meilleur protecteur du consommateur, c\u2019est le consommateur lui-m\u00eame.<\/p>\n<p>\u00a0<\/p>\n<p style=\"text-align: right\"><strong>SIDGOMDE<\/strong><\/p>\n<p>L\u2019article <a rel=\"nofollow\" href=\"https:\/\/www.sidwaya.info\/blog\/2021\/07\/30\/securite-alimentaire-un-reseau-de-contrefacteurs-demantele\/\">S\u00e9curit\u00e9 alimentaire : un r\u00e9seau de contrefacteurs d\u00e9mantel\u00e9<\/a> est apparu en premier sur <a rel=\"nofollow\" href=\"https:\/\/www.sidwaya.info\/\">Quotidien Sidwaya<\/a>.<\/p>\n<\/div>\n<p>Auteur: JK. Sidwaya<br \/>\n<a href=\"https:\/\/www.sidwaya.info\/blog\/2021\/07\/30\/securite-alimentaire-un-reseau-de-contrefacteurs-demantele\/\">Cliquez ici pour lire l&rsquo;article depuis sa source.<\/a><\/p>\n","protected":false},"excerpt":{"rendered":"<p>Le Service r\u00e9gional de la police judiciaire\u00a0(SRPJ) du Centre a anim\u00e9 une conf\u00e9rence de presse, le jeudi 29 juillet 2021, \u00e0 Ouagadougou. Il a pr\u00e9sent\u00e9 aux journalistes des produits prohib\u00e9s saisis. Dans sa mission r\u00e9galienne de protection des personnes et de leurs biens, le Service r\u00e9gional de la police judiciaire\u00a0(SRPJ) du Centre vient de mettre [&hellip;]<\/p>\n","protected":false},"author":1816,"featured_media":0,"comment_status":"closed","ping_status":"closed","sticky":false,"template":"","format":"standard","meta":{"fifu_image_url":"https:\/\/www.sidwaya.info\/wp-content\/uploads\/2021\/07\/illicite-2-300x233.jpg","fifu_image_alt":"S\u00e9curit\u00e9 alimentaire : un r\u00e9seau de contrefacteurs d\u00e9mantel\u00e9","footnotes":""},"categories":[73,81],"tags":[],"class_list":["post-122819","post","type-post","status-publish","format-standard","hentry","category-actualite","category-burkina-faso"],"_links":{"self":[{"href":"https:\/\/linitiative.ca\/International\/wp-json\/wp\/v2\/posts\/122819","targetHints":{"allow":["GET"]}}],"collection":[{"href":"https:\/\/linitiative.ca\/International\/wp-json\/wp\/v2\/posts"}],"about":[{"href":"https:\/\/linitiative.ca\/International\/wp-json\/wp\/v2\/types\/post"}],"author":[{"embeddable":true,"href":"https:\/\/linitiative.ca\/International\/wp-json\/wp\/v2\/users\/1816"}],"replies":[{"embeddable":true,"href":"https:\/\/linitiative.ca\/International\/wp-json\/wp\/v2\/comments?post=122819"}],"version-history":[{"count":0,"href":"https:\/\/linitiative.ca\/International\/wp-json\/wp\/v2\/posts\/122819\/revisions"}],"wp:attachment":[{"href":"https:\/\/linitiative.ca\/International\/wp-json\/wp\/v2\/media?parent=122819"}],"wp:term":[{"taxonomy":"category","embeddable":true,"href":"https:\/\/linitiative.ca\/International\/wp-json\/wp\/v2\/categories?post=122819"},{"taxonomy":"post_tag","embeddable":true,"href":"https:\/\/linitiative.ca\/International\/wp-json\/wp\/v2\/tags?post=122819"}],"curies":[{"name":"wp","href":"https:\/\/api.w.org\/{rel}","templated":true}]}}