{"id":122821,"date":"2021-07-30T12:29:40","date_gmt":"2021-07-30T16:29:40","guid":{"rendered":"https:\/\/linitiative.ca\/International\/secteur-minier-nous-allons-travailler-pour-que-lor-et-les-autres-metaux-brillent-pour-tous-adama-soro-president-du-cmb\/"},"modified":"2021-07-30T12:29:40","modified_gmt":"2021-07-30T16:29:40","slug":"secteur-minier-nous-allons-travailler-pour-que-lor-et-les-autres-metaux-brillent-pour-tous-adama-soro-president-du-cmb","status":"publish","type":"post","link":"https:\/\/linitiative.ca\/International\/secteur-minier-nous-allons-travailler-pour-que-lor-et-les-autres-metaux-brillent-pour-tous-adama-soro-president-du-cmb\/","title":{"rendered":"Secteur minier\u00a0: \u00ab\u00a0Nous allons travailler pour que l\u2019or et les autres m\u00e9taux brillent pour tous \u00bb, Adama Soro, pr\u00e9sident du CMB"},"content":{"rendered":"<div>\n<p><strong>Adama Soro, vice-pr\u00e9sident charg\u00e9 des relations du Groupe Endeavour pour le Burkina Faso, est le nouveau pr\u00e9sident de la Chambre des mines du Burkina (CMB) depuis le 25 juin 2021. Dans cet entretien accord\u00e9 \u00e0 Sidwaya, il d\u00e9cline ses ambitions pour le secteur minier burkinab\u00e8 sous son mandat. Sans langue de bois ni faux-fuyant, il met le doigt sur les probl\u00e8mes qui minent le secteur, propose des solutions pour r\u00e9concilier les burkinab\u00e8 avec leur secteur minier. \u00a0<\/strong><\/p>\n<p><strong>\u00a0<\/strong><strong>Sidwya (S)\u00a0: En juin dernier, vous avez \u00e9t\u00e9 \u00e9lu \u00e0 l\u2019unanimit\u00e9 pr\u00e9sident de la Chambre des mines du Burkina pour un mandat de deux ans et officiellement install\u00e9 dans vos fonctions le 8 juillet 2021. Quel sentiment vous anime apr\u00e8s cette \u00e9lection ? <\/strong><\/p>\n<p><strong>Adama Soro\u00a0(A. S) : <\/strong>Ce sont d\u2019abord des sentiments des reconnaissance \u00e0 l\u2019endroit de mes pairs qui ont bien voulu placer leur confiance en ma modeste personne pour pr\u00e9sider \u00e0 la destin\u00e9e de la Chambre des Mines du Burkina (CMB) pour les deux prochaines ann\u00e9es.\u00a0 Ensuite, c\u2019est un devoir pour moi et mon \u00e9quipe de travailler \u00e0 faire du secteur minier un catalyseur de d\u00e9veloppement, une opportunit\u00e9 de d\u00e9veloppement socio\u00e9conomique pour le Burkina Faso.<\/p>\n<p><strong>S : Vous connaissez bien ce secteur minier burkinab\u00e8 au regard de votre parcours professionnel. Quel regard portez-vous sur ce secteur ?<\/strong><\/p>\n<p><strong>A.S. :<\/strong> Je vais \u00e9tayer mon propos avec deux \u00e9l\u00e9ments\u00a0: l\u2019histoire et les chiffres, cela me parait important\u00a0! Dans l\u2019histoire, depuis la p\u00e9riode coloniale, il avait \u00e9t\u00e9 laiss\u00e9 croire que le Burkina Faso n\u2019avait pas de potentiel minier.\u00a0 Dans \u00a0les ann\u00e9es 70, de nombreuses lev\u00e9es g\u00e9ologiques, g\u00e9ophysiques financ\u00e9es essentiellement par le PNUD, la Banque mondiale et le Canada ont permis de mettre en exergue le potentiel minier du pays, sous le leadership de nos devanciers dans le secteur.<\/p>\n<p>Je profite d\u2019ailleurs pour rendre hommage \u00e0 un des doyens qui n\u2019est plus de ce monde, Emile Gansor\u00e9. Il a \u00e9t\u00e9 l\u2019un des p\u00e8res de la d\u00e9couverte de plusieurs gisements qui sont exploit\u00e9s aujourd\u2019hui. Pr Gansor\u00e9 a contribu\u00e9 grandement \u00e0 la mise en place de la Direction des Mines qui est devenue aujourd\u2019hui le Bureau des Mines et de la G\u00e9ologie du Burkina (BUMIGEB). Il a fallu \u00e0 un moment donn\u00e9, au niveau national, une volont\u00e9 de doter notre pays de cet instrument qui a permis de faire la promotion du secteur minier. Il y a eu \u00e9galement des bailleurs de fonds qui ont cru et qui ont accept\u00e9 de financer les projets de recherche mini\u00e8re.<\/p>\n<p>Puis, sont arriv\u00e9s des priv\u00e9s internationaux, australiens et canadiens pour la plupart qui se sont lanc\u00e9s dans l\u2019exploration. Sous la r\u00e9volution, il y a eu une troisi\u00e8me phase avec l\u2019entr\u00e9e en production de la mine de Poura, gr\u00e2ce \u00e0 la clairvoyance des dirigeants d\u2019alors. Les efforts de promotion du secteur ont abouti \u00e0 la cr\u00e9ation d\u2019un minist\u00e8re plein de l\u2019\u00e9nergie et des mines en 1995, l\u2019adoption de la d\u00e9claration de Politique Mini\u00e8re en 1996, l\u2019adoption du code minier de 1997, puis celui de 2003. Dans les ann\u00e9es 1998, l\u2019environnement mondial \u00e9tait marqu\u00e9 par la faiblesse du cours de l\u2019or. De nombreux projets n\u2019ont pas pu voir le jour \u00e0 l\u2019\u00e9poque. Il n\u2019y avait donc que la mine de <em>Poura<\/em> et la CEMOB qui \u00e9tait une mine semi-m\u00e9canis\u00e9e. Ces projets ont ainsi eu pour avantage de permettre \u00e0 notre pays de disposer de cadres bien form\u00e9s, de tr\u00e8s bons g\u00e9ologues dans le domaine de l\u2019exploration et des techniciens en mati\u00e8re d\u2019exploitation \u00a0et de m\u00e9tallurgie .<\/p>\n<p>A partir des ann\u00e9es 2000, l\u2019environnement international a chang\u00e9 (le cours de l\u2019or a augment\u00e9). Nos dirigeants ont eu la vision de mettre en place un code minier attractif, celui de 2003. Malgr\u00e9 les critiques que l\u2019on peut faire \u00e0 l\u2019\u00e9gard de ce code, il faut avoir le courage de reconnaitre qu\u2019il a permis d\u2019attirer beaucoup d\u2019investisseurs, notamment australiens, canadiens, britanniques et sud-africains qui ont mis en valeur les gisements. Tout ceci a permis \u00e0 notre pays d\u2019avoir ces premi\u00e8res mines \u00e0 partir de 2007. En 12 mois, 4 mines sont entr\u00e9es en production\u00a0; il s\u2019agit de la mine <em>Taparko <\/em>en octobre 2007, celle de <em>Youga<\/em> en mars 2008, celle de <em>Mana<\/em> en juin 2008, et celle de <em>Kalsaka<\/em> en octobre 2008. Il \u00e9tait important de faire ce rappel historique pour montrer \u00a0qu\u2019en d\u00e9pit d\u2019un tableau initial pessimiste, des chercheurs, des g\u00e9ologues burkinab\u00e8, la soci\u00e9t\u00e9 civile et surtout des investisseurs priv\u00e9s \u00e9trangers, ont eu foi en notre \u00a0pays et ont \u0153uvr\u00e9 \u00e0\u00a0 mettre en valeur son potentiel minier avec l\u2019accompagnement \u00a0des politiques qui ont pris des lois pour faire la promotion de ce secteur.<\/p>\n<p>Gr\u00e2ce \u00e0 ces efforts, conjugu\u00e9s le Burkina Faso a fait un bond prodigieux, un record quasiment in\u00e9gal\u00e9, avec un ratio de 1,2 mine par an, de 2009 \u00e0 aujourd\u2019hui. Aucun pays au monde, y compris les grands pays miniers comme le Canada, l\u2019Australie, n\u2019ont connu de telles performances. \u00a0De 2009 \u00e0 2021, le Burkina Faso a eu13 mines en op\u00e9ration.<\/p>\n<p>Maintenant les chiffres\u00a0: Le secteur minier avait en 2009 une contribution de moins de 1% \u00e0 la formation du u Produit Int\u00e9rieur Brut pour atteindre 12,7% du PIB en 2020. En 2008, la production mini\u00e8re industrielle annuelle \u00e9tait d\u2019environ 5 tonnes d\u2019or, en 2020 nous avons enregistr\u00e9 62 tonnes d\u2019or produites. \u00a0Cela est prodigieux pour notre pays qui a fait du chemin et qui est sur la bonne direction. En si peu de temps, le Burkina Faso s\u2019est hiss\u00e9 au top 5 des pays miniers du continent africain aux c\u00f4t\u00e9s de pays de tradition mini\u00e8re comme le Mali, le Ghana, l\u2019Afrique du Sud. Mais on ne le dit pas assez\u00a0! Le secteur minier a surplant\u00e9 le coton en 2009 et repr\u00e9sente plus de 2\/3 des recettes d\u2019exportations.<\/p>\n<p>Pour terminer mon regard sur le secteur minier burkinab\u00e8, j\u2019\u00e9voquerai le code minier de 2015, qui est venu aussi renforcer la redistribution et la contribution du secteur minier \u00e0 l\u2019\u00e9conomie nationale, ce qui est un point positif \u00e0 souligner.<\/p>\n<p><strong>S : Sous quel signe placez-vous votre mandat \u00e0 la t\u00eate de la CMB ?\u00a0 \u00a0 \u00a0 \u00a0 \u00a0 \u00a0 \u00a0 <\/strong><\/p>\n<p><strong>A. S :<\/strong> Je place mon mandat sous le signe de l\u2019action, \u00e0 travers trois verbes d\u2019action\u00a0: redynamiser, repositionner, renforcer. Mais de l\u2019action dans l\u2019int\u00e9r\u00eat de toutes les parties prenantes. Certes, en tant que Chambre des mines, nous avons pour mission de d\u00e9fendre les int\u00e9r\u00eats de nos membres. Mais ces int\u00e9r\u00eats ne sont pas oppos\u00e9s aux int\u00e9r\u00eats nationaux, loin s\u2019en faut. Lorsqu\u2019on met en place un investissement minier, on cr\u00e9e des emplois, paye des royalties, des taxes et imp\u00f4ts. Des externalit\u00e9s \u00e9conomiques sont aussi g\u00e9n\u00e9r\u00e9es. Avec mon \u00e9quipe, notre action \u00e0 la t\u00eate de la CMB est donc de d\u00e9fendre les int\u00e9r\u00eats de nos membres, dans l\u2019int\u00e9r\u00eat bien compris de notre nation.<\/p>\n<p><strong>S : Concr\u00e8tement, quels sont vos priorit\u00e9s, vos axes majeurs d\u2019intervention au cours des deux prochaines ann\u00e9es ?<\/strong><\/p>\n<p><strong>A. S. :<\/strong> Le premier axe consiste \u00e0 redynamiser la Chambre des mines pour diverses raisons. Malgr\u00e9 les efforts d\u00e9j\u00e0 consentis, nous pensons qu\u2019il y a encore de la marge pour que les membres puissent se mobiliser davantage autour de la Chambre des mines pour qu\u2019elle soit au-devant des grandes questions de d\u00e9veloppement, comme celle de la cr\u00e9ation d\u2019emplois. Certes, le secteur minier ne cr\u00e9e pas autant d\u2019emplois que le secteur de l\u2019agriculture mais les emplois miniers sont tr\u00e8s bien r\u00e9mun\u00e9r\u00e9s.<\/p>\n<p>Il faut donc redynamiser et mobiliser nos membres afin que la Chambre soit une force de proposition sur l\u2019\u00e9chiquier national. Mais aussi de faire en sorte que nos partenaires que sont l\u2019Etat et les communaut\u00e9s sachent que la Chambre des mines ne travaille pas contre leurs int\u00e9r\u00eats. Cela passe par notre adaptation \u00e0 la nouvelle donne s\u00e9curitaire et sanitaire qui nous oblige \u00e0 nous r\u00e9inventer, \u00e0 imaginer de nouvelles fa\u00e7ons de faire au niveau de la CMB. Il faut r\u00e9organiser l\u2019institution pour qu\u2019elle soit beaucoup plus agile, de sorte que les membres s\u2019y retrouvent davantage.<\/p>\n<p>Notre deuxi\u00e8me axe vise \u00e0 repositionner la Chambre des mines comme un acteur majeur du d\u00e9veloppement socio\u00e9conomique de notre pays\u00a0!<\/p>\n<p>En tant que fa\u00eeti\u00e8re d\u2019un secteur qui contribue \u00e0 pr\u00e8s de 13% au PIB nous allons travailler \u00e0 ce que notre voix porte davantage dans les instances de prise de d\u00e9cisions. Que ce soit au niveau du patronat, de la Chambre de commerce ou des autres instances, la Chambre des mines doit \u00eatre consid\u00e9r\u00e9e comme un acteur majeur \u00e0 part enti\u00e8re.<\/p>\n<p>La CMB doit jouer les premiers r\u00f4les sur\u00a0 certaines questions comme le Contenu local. Ce sont les mines qui lancent les commandes, expriment leurs besoins de consommation\u00a0; elles sont les donneurs d\u2019ordre. Les discussions sur le sujet devraient dont les impliquer au premier plan.<\/p>\n<p>Passons aux emplois locaux. \u00a0Je suis d\u00e9j\u00e0 heureux de savoir que dans la plupart des mines plus de 90% des employ\u00e9s sont des Burkinab\u00e8. Cependant, nous sommes aussi conscients de la n\u00e9cessit\u00e9 d\u2019\u0153uvrer \u00e0 ce qu\u2019il y ait des plans de rel\u00e8ve pour les travailleurs Burkinab\u00e8 et ce en collaboration bien entendu avec le gouvernement et les partenaires sociaux.<\/p>\n<p>Enfin, au niveau de cet axe, il y a le dialogue avec Organisations de la Soci\u00e9t\u00e9 Civile. Comme je l\u2019ai dit dans mon discours de passation en citant Dr Elie Justin Ou\u00e9draogo, ancien pr\u00e9sident de la CMB, le nom du secteur minier est <em>\u00ab\u00a0g\u00e2t\u00e9 d\u00e8s la naissance comme celui de la hy\u00e8ne\u00a0\u00bb. <\/em>Quoi qu\u2019on fasse on dira que ce sont de grands capitalistes. Je pense qu\u2019ensemble on peut travailler \u00e0 faire changer cette perception.<\/p>\n<p>Renforcer la collaboration et le partenariat avec le gouvernement va constituer mon dernier axe. \u00a0\u00c0 ce propos, un livre blanc sera transmis au gouvernement par l\u2019entremise de notre minist\u00e8re de tutelle. Une fois de plus, j\u2019insiste pour dire que nos int\u00e9r\u00eats ne sont pas contradictoires. Aucune mine ne peut s\u2019installer dans un pays sans une autorisation.<\/p>\n<p>L\u2019exploitation mini\u00e8re commence et finit par une autorisation gouvernementale. \u00c9tant donn\u00e9 que c\u2019est le gouvernement qui nous autorise, nous supervise, nous contr\u00f4le, et au cas \u00e9ch\u00e9ant nous sanctionne, il doit \u00eatre totalement \u00e0 l\u2019aise de nous d\u00e9fendre quand vient le moment de le faire. Je profite pour remercier les minist\u00e8res en charges des mines, des finances, de l\u2019environnement, de la d\u00e9fense, de la s\u00e9curit\u00e9, du transport et les autres d\u00e9partements pour ce qu\u2019ils font.<\/p>\n<p>En effet, il est important que l\u2019on red\u00e9finisse le paradigme de la collaboration, dans une approche gagnant-gagnant. Le secteur minier ne doit pas \u00eatre abandonn\u00e9 \u00e0 lui-m\u00eame lorsqu\u2019il a des probl\u00e8mes. Il faudrait que pour des pr\u00e9occupations communes nous puissions porter ensemble avec le gouvernement le message \u00e0 l\u2019endroit de l\u2019opinion publique. Nous avons besoin d\u2019\u00eatre compris et soutenus car nous ne pouvons rien faire sans le gouvernement. Je m\u2019attacherai particuli\u00e8rement \u00e0 renforcer cette collaboration. Je salue d\u00e9j\u00e0 la vision du gouvernement dans ce sens.<\/p>\n<p><strong>S : Selon vous, quelles sont les principales contraintes auxquelles fait face le secteur minier burkinab\u00e8 ?<\/strong><\/p>\n<p><strong>A. S : <\/strong>Nous avons plusieurs contraintes d\u2019ordre op\u00e9rationnel mais la question de la mauvaise perception du secteur minier par l\u2019opinion publique constitue la principale.<\/p>\n<p>Elle impacte n\u00e9gativement nos relations certaines parties prenantes notamment les communaut\u00e9s locales et peut \u00eatre source de beaucoup de conflits qui peuvent impacter la bonne marche de nos op\u00e9rations.<\/p>\n<p>Comme il y a beaucoup de capitaux qui circulent dans le secteur minier, une certaine opinion a tendance \u00e0 penser \u00e0 des soup\u00e7ons de corruption, \u00e0 une connivence entre les soci\u00e9t\u00e9s mini\u00e8res et l\u2019Etat pour \u00ab\u00a0piller\u00a0\u00bb le peuple. Les journalistes doivent nous aider \u00e0 corriger cette perception. Beaucoup ne savent pas toutes les mesures, les normes, les standards auxquels les compagnies mini\u00e8res doivent se conformer au niveau international par le simple fait qu\u2019elles sont cot\u00e9es en bourse. Ces exigences de transparence au niveau international sont souvent plus \u00e9lev\u00e9es que celles au niveau national.<\/p>\n<p>La plupart de l\u2019opinion publique ignore que chaque soci\u00e9t\u00e9 mini\u00e8re, pour celles qui sont list\u00e9es, fait une publication trimestrielle de ces r\u00e9sultats qui sont audit\u00e9s et publi\u00e9s \u00e0 la Bourse. Et tout le monde a acc\u00e8s \u00e0 ces informations. Les soci\u00e9t\u00e9s mini\u00e8res ont une obligation de transparence, jusqu\u2019aux revenus des plus hauts dirigeants.<\/p>\n<p>J\u2019invite l\u2019opinion publique, les journalistes \u00e0 venir \u00e0 la source pour avoir les bonnes informations afin de dissiper ces malentendus. Il est important de travailler \u00e0 ce que cette perception soit le reflet de la r\u00e9alit\u00e9.<\/p>\n<p>Ensuite, il y a quelques points, d\u2019ajustement \u00e0 op\u00e9rer pour que le secteur soit plus fluide et puisse contribuer davantage \u00e0 l\u2019\u00e9conomie nationale. J\u2019en veux pour exemple, la question des cycles de travail. Les mines constituent un secteur \u00e0 feu continu, malheureusement, notre l\u00e9gislation n\u2019est pas totalement adapt\u00e9e \u00e0 cette r\u00e9alit\u00e9. \u00a0Il faudrait donc qu\u2019il y ait cette flexibilit\u00e9 de notre loi pour prendre en compte les r\u00e9alit\u00e9s du secteur notamment l\u2019organisation du cycle de travail.<\/p>\n<p>Il y a aussi la question de la TVA. Les soci\u00e9t\u00e9s mini\u00e8res sont \u00e0 100% exportatrices. \u00a0\u00a0De par la loi elles sont exon\u00e9r\u00e9es pour une bonne partie de la TVA. Malheureusement, elles payent cette TVA et se font rembourser, avec beaucoup de retards. Au passage, je remercie le ministre Lassan\u00e9 Kabore et l\u2019ensemble des responsables du minist\u00e8re des finances et des r\u00e9gies financi\u00e8res (Douane, Imp\u00f4ts et Tresor) qui font d\u2019\u00e9normes efforts pour trouver des solutions \u00e0 cette question.<\/p>\n<p>Sans s\u00e9curit\u00e9, rien n\u2019est possible\u00a0; du fait de l\u2019ins\u00e9curit\u00e9, l\u2019exploration est r\u00e9duite\u00a0 a travers le pays. Il faut donc saluer le secteur minier qui, dans ce contexte difficile, a fait preuve d\u2019une certaine r\u00e9silience.<\/p>\n<p>Il y a enfin le probl\u00e8me des permis miniers, il faut donner les permis \u00e0 ceux qui ont d\u00e9montr\u00e9 leurs capacit\u00e9s techniques et financi\u00e8res \u00e0 les mettre en valeur. Pendant longtemps des permis miniers ont \u00e9t\u00e9 octroy\u00e9s \u00e0 des personnes qui n\u2019ont pas les moyens et qui faisaient plus de la sp\u00e9culation qu\u2019autre chose. Il serait bon de soumettre l\u2019octroi des permis miniers \u00e0 des conditions financi\u00e8res et techniques, assorties de plans de recherche clairement \u00e9tablis. Le but ultime est de relancer l\u2019activit\u00e9 de recherche car les d\u00e9couvertes d\u2019aujourd\u2019hui sont les mines de demain.<\/p>\n<figure id=\"attachment_38018\" aria-describedby=\"caption-attachment-38018\" style=\"width: 696px\" class=\"wp-caption alignnone\"><img decoding=\"async\" loading=\"lazy\" class=\"wp-image-38018 size-large\" src=\"https:\/\/linitiative.ca\/International\/wp-content\/uploads\/sites\/23\/2021\/07\/PH-MINE-1024x768-1.jpeg\" alt=\"\" width=\"696\" height=\"522\" srcset=\"https:\/\/linitiative.ca\/International\/wp-content\/uploads\/sites\/23\/2021\/07\/PH-MINE-1024x768-1.jpeg 1024w, https:\/\/www.sidwaya.info\/wp-content\/uploads\/2021\/07\/PH-MINE-300x225.jpeg 300w, https:\/\/www.sidwaya.info\/wp-content\/uploads\/2021\/07\/PH-MINE-768x576.jpeg 768w, https:\/\/www.sidwaya.info\/wp-content\/uploads\/2021\/07\/PH-MINE-150x113.jpeg 150w, https:\/\/www.sidwaya.info\/wp-content\/uploads\/2021\/07\/PH-MINE-696x522.jpeg 696w, https:\/\/www.sidwaya.info\/wp-content\/uploads\/2021\/07\/PH-MINE-1068x801.jpeg 1068w, https:\/\/www.sidwaya.info\/wp-content\/uploads\/2021\/07\/PH-MINE-560x420.jpeg 560w, https:\/\/www.sidwaya.info\/wp-content\/uploads\/2021\/07\/PH-MINE-80x60.jpeg 80w, https:\/\/www.sidwaya.info\/wp-content\/uploads\/2021\/07\/PH-MINE-265x198.jpeg 265w, https:\/\/www.sidwaya.info\/wp-content\/uploads\/2021\/07\/PH-MINE.jpeg 1080w\" sizes=\"auto, (max-width: 696px) 100vw, 696px\"><figcaption id=\"caption-attachment-38018\" class=\"wp-caption-text\">Le pr\u00e9sident de la CMB, Adama Soro : \u00ab La Chambre des mines ne travaille pas \u00e0 l\u2019encontre des int\u00e9r\u00eats de l\u2019Etat et des communaut\u00e9s \u00bb<\/figcaption><\/figure>\n<p><strong>S\u00a0: Et la question du co\u00fbt des facteurs de production\u2026 <\/strong><\/p>\n<p><strong>A.S\u00a0: <\/strong>C\u2019est un vrai probl\u00e8me\u00a0aussi ! Quasiment 1\/3 des co\u00fbts de production des mines est li\u00e9 \u00e0 l\u2019\u00e9nergie. Il serait int\u00e9ressant si les compagnies mini\u00e8res pouvaient avoir acc\u00e8s \u00e0 de l\u2019\u00e9nergie a des prix comp\u00e9titifs que ce soit via la SONABEL ou tout autre promoteur.<\/p>\n<p>Je pense que le fait qu\u2019on ait ramen\u00e9 les d\u00e9partements des mines et l\u2019\u00e9nergie dans un m\u00eame minist\u00e8re, est une bonne chose qui pourrait permettre de trouver des solutions afin d\u2019amoindrir nos co\u00fbts de production.<\/p>\n<p><strong>S : Vous l\u2019avez si bien soulign\u00e9, la question de l\u2019image du secteur est pr\u00e9gnante et malgr\u00e9 leur contribution au d\u00e9veloppement socio-\u00e9conomique, les mines n\u2019ont pas bonne presse dans l\u2019opinion publique. Concr\u00e8tement, comment faire pour r\u00e9concilier les Burkinab\u00e8 avec leur secteur minier ?<\/strong><\/p>\n<p><strong>A.S : <\/strong>Une bonne et grande question\u00a0! Heureusement, je ne pense pas qu\u2019il ait une grosse fracture entre les deux. Le probl\u00e8me r\u00e9side dans des perceptions qui, ne sont peut-\u00eatre pas fond\u00e9es mais qui peuvent s\u2019expliquer. D\u2019habitude, quand, on ne connait pas, on a peur et la peur nourrit toutes les suspicions et g\u00e9n\u00e8re de la m\u00e9fiance. Il y a donc un travail avec l\u2019opinion publique, notamment les journalistes, les OSC, pour parler le langage de la v\u00e9rit\u00e9.<\/p>\n<p>Lorsqu\u2019il y aura des choses \u00e0 nous reprocher, croyez-moi, on les analysera froidement et ensemble on trouvera les solutions. Ceux qui me connaissent savent que je n\u2019ai pas peur de la v\u00e9rit\u00e9. R\u00e9concilier le secteur avec les burkinab\u00e8 est un travail collectif. Les miniers ne peuvent pas le faire tout seul. Lorsque nous disons ce que nous faisions, on trouve que nous faisons trop de bruit. \u00a0Quand nous ne parlons pas, on se plaint qu\u2019on ne voit pas ce que nous faisons. \u00a0Nous sommes ouverts et dispos\u00e9s pour donner la bonne information. On a souvent l\u2019impression que certains qui connaissent pourtant mieux le secteur, \u00a0ont peur d\u2019en dire du bien quand il le faut, pour ne pas apparaitre comme des <em>\u00ab\u00a0vendus\u00a0\u00bb,<\/em> comme on le dit chez nous\u00a0!<\/p>\n<p>On ne doit pas regarder d\u2019un mauvais \u0153il un secteur qui repr\u00e9sente pr\u00e8s de 13% du PIB\u00a0! Un article du journal <em>L\u2019Economiste du Faso<\/em>, avait une fois montr\u00e9 que les IUTS dans le secteur minier d\u00e9passe de deux voire trois fois les IUTS des agents de la fonction publique. Ce n\u2019est pas rien !<\/p>\n<p>Nous n\u2019allons rien cacher. \u00a0S\u2019il y a un probl\u00e8me, nous devrons nous asseoir, et en toute transparence, trouver une solution. Mais quand c\u2019est bon aussi, il faut le dire.\u00a0 C\u2019est ainsi que l\u2019opinion va mieux nous percevoir.<\/p>\n<p><strong>S : Que r\u00e9pondez-vous donc \u00e0 ceux qui pensent que le secteur minier ne profite pas aux burkinab\u00e8 ?<\/strong><\/p>\n<p><strong>A. S : <\/strong>Tout d\u00e9pend de l\u00e0 o\u00f9 on met le curseur. Je pose autrement la question\u00a0! Aujourd\u2019hui, si on enl\u00e8ve le secteur minier de notre \u00e9conomie, quel en serait l\u2019impact sur notre pays\u00a0? La contribution directe du secteur minier au budget de l\u2019Etat est de plus de 300 milliards de FCFA, sans compter les autres externalit\u00e9s tels que les 50 mille emplois g\u00e9n\u00e9r\u00e9s, la consommation des biens et services, le financement du d\u00e9veloppement communautaire, le Fonds minier de d\u00e9veloppement local, les imp\u00f4ts et taxes pay\u00e9s par les sous-traitants et autres fournisseurs du secteur, etc.<\/p>\n<p>Je pr\u00e9f\u00e8re cette maxime de chez nous\u00a0: <em>\u00ab\u00a0c\u2019est bon ce n\u2019est pas arriv\u00e9\u00a0<\/em>\u00bb pour dire que des r\u00e9sultats positifs existent mais on peut mieux faire, ce qui est un encouragement plut\u00f4t que de dire on ne voit rien. Nous allons travailler pour que l\u2019or et les autres m\u00e9taux brillent pour tous.<\/p>\n<p>Aujourd\u2019hui, le secteur minier constitue une opportunit\u00e9 de d\u00e9veloppement pour le Burkina Faso. Travaillons \u00e0 en faire un secteur qui profite \u00e0 tous, dans une approche constructive et de v\u00e9rit\u00e9. Au-del\u00e0 de sa contribution \u00e0 l\u2019\u00e9conomie, il y a aussi les bonnes pratiques d\u00e9velopp\u00e9es dans les mines en mati\u00e8re de sant\u00e9, s\u00e9curit\u00e9 au travail, de gouvernance et de responsabilit\u00e9 sociale des entreprises (RSE) qui peuvent \u00eatre dupliqu\u00e9es ailleurs. Le message cl\u00e9 reste celui de la construction main dans la main. Le secteur minier pour les miniers, certes, mais pas contre les autres\u00a0!<\/p>\n<p style=\"text-align: right\"><strong>Interview r\u00e9alis\u00e9e par <\/strong><\/p>\n<p style=\"text-align: right\"><strong>Mahamadi SEBOGO<\/strong><\/p>\n<p style=\"text-align: right\"><a href=\"mailto:Windmad76@gmail.com\"><strong>Windmad76@gmail.com<\/strong><\/a><\/p>\n<p>L\u2019article <a rel=\"nofollow\" href=\"https:\/\/www.sidwaya.info\/blog\/2021\/07\/30\/adama-soro-president-de-la-chambre-des-mines-du-burkina-nous-allons-travailler-pour-que-lor-et-les-autres-metaux-brillent-pour-tous\/\">Secteur minier\u00a0: \u00ab\u00a0Nous allons travailler pour que l\u2019or et les autres m\u00e9taux brillent pour tous \u00bb, Adama Soro, pr\u00e9sident du CMB<\/a> est apparu en premier sur <a rel=\"nofollow\" href=\"https:\/\/www.sidwaya.info\/\">Quotidien Sidwaya<\/a>.<\/p>\n<\/div>\n<p>Auteur: Wamini SIDWAYA<br \/>\n<a href=\"https:\/\/www.sidwaya.info\/blog\/2021\/07\/30\/adama-soro-president-de-la-chambre-des-mines-du-burkina-nous-allons-travailler-pour-que-lor-et-les-autres-metaux-brillent-pour-tous\/\">Cliquez ici pour lire l&rsquo;article depuis sa source.<\/a><\/p>\n","protected":false},"excerpt":{"rendered":"<p>Adama Soro, vice-pr\u00e9sident charg\u00e9 des relations du Groupe Endeavour pour le Burkina Faso, est le nouveau pr\u00e9sident de la Chambre des mines du Burkina (CMB) depuis le 25 juin 2021. Dans cet entretien accord\u00e9 \u00e0 Sidwaya, il d\u00e9cline ses ambitions pour le secteur minier burkinab\u00e8 sous son mandat. Sans langue de bois ni faux-fuyant, il [&hellip;]<\/p>\n","protected":false},"author":1816,"featured_media":0,"comment_status":"closed","ping_status":"closed","sticky":false,"template":"","format":"standard","meta":{"fifu_image_url":"https:\/\/www.sidwaya.info\/wp-content\/uploads\/2021\/07\/PH-MINE-1024x768.jpeg","fifu_image_alt":"Secteur minier\u00a0: \u00ab\u00a0Nous allons travailler pour que l\u2019or et les autres m\u00e9taux brillent pour tous \u00bb, Adama Soro, pr\u00e9sident du CMB","footnotes":""},"categories":[73,81],"tags":[],"class_list":["post-122821","post","type-post","status-publish","format-standard","hentry","category-actualite","category-burkina-faso"],"_links":{"self":[{"href":"https:\/\/linitiative.ca\/International\/wp-json\/wp\/v2\/posts\/122821","targetHints":{"allow":["GET"]}}],"collection":[{"href":"https:\/\/linitiative.ca\/International\/wp-json\/wp\/v2\/posts"}],"about":[{"href":"https:\/\/linitiative.ca\/International\/wp-json\/wp\/v2\/types\/post"}],"author":[{"embeddable":true,"href":"https:\/\/linitiative.ca\/International\/wp-json\/wp\/v2\/users\/1816"}],"replies":[{"embeddable":true,"href":"https:\/\/linitiative.ca\/International\/wp-json\/wp\/v2\/comments?post=122821"}],"version-history":[{"count":0,"href":"https:\/\/linitiative.ca\/International\/wp-json\/wp\/v2\/posts\/122821\/revisions"}],"wp:attachment":[{"href":"https:\/\/linitiative.ca\/International\/wp-json\/wp\/v2\/media?parent=122821"}],"wp:term":[{"taxonomy":"category","embeddable":true,"href":"https:\/\/linitiative.ca\/International\/wp-json\/wp\/v2\/categories?post=122821"},{"taxonomy":"post_tag","embeddable":true,"href":"https:\/\/linitiative.ca\/International\/wp-json\/wp\/v2\/tags?post=122821"}],"curies":[{"name":"wp","href":"https:\/\/api.w.org\/{rel}","templated":true}]}}