{"id":122823,"date":"2021-07-30T15:00:00","date_gmt":"2021-07-30T19:00:00","guid":{"rendered":"https:\/\/linitiative.ca\/International\/dossier-norbert-zongo-le-conseil-detat-valide-lextradition-de-francois-compaore-ce-vendredi\/"},"modified":"2021-07-30T15:00:00","modified_gmt":"2021-07-30T19:00:00","slug":"dossier-norbert-zongo-le-conseil-detat-valide-lextradition-de-francois-compaore-ce-vendredi","status":"publish","type":"post","link":"https:\/\/linitiative.ca\/International\/dossier-norbert-zongo-le-conseil-detat-valide-lextradition-de-francois-compaore-ce-vendredi\/","title":{"rendered":"Dossier Norbert Zongo : Le Conseil d\u2019Etat valide l\u2019extradition de Fran\u00e7ois Compaor\u00e9 ce vendredi"},"content":{"rendered":"<div>\n<p>Le conseil d\u2019Etat fran\u00e7ais a valid\u00e9 ce vendredi, l\u2019extradition de Fran\u00e7ois Compaor\u00e9 vers le Burkina. Il est poursuivi par la justice de son pays sur son implication pr\u00e9sume dans l\u2019assassinat du journaliste d\u2019investigation Norbert Zongo, fondateur du Journal l\u2019Ind\u00e9pendant en d\u00e9cembre 1998. La cour de cassation fran\u00e7aise avait d\u00e9j\u00e0 rejet\u00e9 le pourvoi de Fran\u00e7ois Compaor\u00e9 en juin 2019. Ces avocats auraient saisi la Cour Europ\u00e9enne des droits de l\u2019Homme pour faire \u00e9chec a son extradition.<\/p>\n<p style=\"text-align: right\"><strong>La R\u00e9daction<\/strong><\/p>\n<p>L\u2019article <a rel=\"nofollow\" href=\"https:\/\/www.sidwaya.info\/blog\/2021\/07\/30\/dossier-norbert-zongo-le-conseil-detat-valide-lextradition-de-francois-compaore-ce-vendredi\/\">Dossier Norbert Zongo : Le Conseil d\u2019Etat valide l\u2019extradition de Fran\u00e7ois Compaor\u00e9 ce vendredi<\/a> est apparu en premier sur <a rel=\"nofollow\" href=\"https:\/\/www.sidwaya.info\/\">Quotidien Sidwaya<\/a>.<\/p>\n<\/div>\n<p>Auteur: Wamini SIDWAYA<br \/>\n<a href=\"https:\/\/www.sidwaya.info\/blog\/2021\/07\/30\/dossier-norbert-zongo-le-conseil-detat-valide-lextradition-de-francois-compaore-ce-vendredi\/\">Cliquez ici pour lire l&rsquo;article depuis sa source.<\/a><\/p>\n","protected":false},"excerpt":{"rendered":"<p>Le conseil d\u2019Etat fran\u00e7ais a valid\u00e9 ce vendredi, l\u2019extradition de Fran\u00e7ois Compaor\u00e9 vers le Burkina. Il est poursuivi par la justice de son pays sur son implication pr\u00e9sume dans l\u2019assassinat du journaliste d\u2019investigation Norbert Zongo, fondateur du Journal l\u2019Ind\u00e9pendant en d\u00e9cembre 1998. La cour de cassation fran\u00e7aise avait d\u00e9j\u00e0 rejet\u00e9 le pourvoi de Fran\u00e7ois Compaor\u00e9 [&hellip;]<\/p>\n","protected":false},"author":1816,"featured_media":0,"comment_status":"closed","ping_status":"closed","sticky":false,"template":"","format":"standard","meta":{"fifu_image_url":"","fifu_image_alt":"","footnotes":""},"categories":[73,81],"tags":[],"class_list":["post-122823","post","type-post","status-publish","format-standard","hentry","category-actualite","category-burkina-faso"],"_links":{"self":[{"href":"https:\/\/linitiative.ca\/International\/wp-json\/wp\/v2\/posts\/122823","targetHints":{"allow":["GET"]}}],"collection":[{"href":"https:\/\/linitiative.ca\/International\/wp-json\/wp\/v2\/posts"}],"about":[{"href":"https:\/\/linitiative.ca\/International\/wp-json\/wp\/v2\/types\/post"}],"author":[{"embeddable":true,"href":"https:\/\/linitiative.ca\/International\/wp-json\/wp\/v2\/users\/1816"}],"replies":[{"embeddable":true,"href":"https:\/\/linitiative.ca\/International\/wp-json\/wp\/v2\/comments?post=122823"}],"version-history":[{"count":0,"href":"https:\/\/linitiative.ca\/International\/wp-json\/wp\/v2\/posts\/122823\/revisions"}],"wp:attachment":[{"href":"https:\/\/linitiative.ca\/International\/wp-json\/wp\/v2\/media?parent=122823"}],"wp:term":[{"taxonomy":"category","embeddable":true,"href":"https:\/\/linitiative.ca\/International\/wp-json\/wp\/v2\/categories?post=122823"},{"taxonomy":"post_tag","embeddable":true,"href":"https:\/\/linitiative.ca\/International\/wp-json\/wp\/v2\/tags?post=122823"}],"curies":[{"name":"wp","href":"https:\/\/api.w.org\/{rel}","templated":true}]}}