{"id":122824,"date":"2021-07-30T12:46:33","date_gmt":"2021-07-30T16:46:33","guid":{"rendered":"https:\/\/linitiative.ca\/International\/cameroun-le-gouvernement-veut-animer-embellir-et-rendre-fluide-les-villes-hotes-de-la-can\/"},"modified":"2021-07-30T12:46:33","modified_gmt":"2021-07-30T16:46:33","slug":"cameroun-le-gouvernement-veut-animer-embellir-et-rendre-fluide-les-villes-hotes-de-la-can","status":"publish","type":"post","link":"https:\/\/linitiative.ca\/International\/cameroun-le-gouvernement-veut-animer-embellir-et-rendre-fluide-les-villes-hotes-de-la-can\/","title":{"rendered":"Cameroun : le gouvernement veut animer, embellir, et rendre fluide les villes h\u00f4tes de la CAN"},"content":{"rendered":"<div>\n<p><img loading=\"lazy\" decoding=\"async\" width=\"500\" height=\"342\" src=\"https:\/\/linitiative.ca\/International\/wp-content\/uploads\/sites\/23\/2021\/07\/Bafoussam-une-ville-renovC3A9e-grC3A2ce-C3A0-loganisation-de-la-CAN-2021.jpg\" class=\"attachment-post-thumbnail size-post-thumbnail wp-post-image\" alt=\"\" srcset=\"https:\/\/linitiative.ca\/International\/wp-content\/uploads\/sites\/23\/2021\/07\/Bafoussam-une-ville-renovC3A9e-grC3A2ce-C3A0-loganisation-de-la-CAN-2021.jpg 500w, https:\/\/www.journalducameroun.com\/wp-content\/uploads\/2021\/07\/Bafoussam-une-ville-renov\u00e9e-gr\u00e2ce-\u00e0-loganisation-de-la-CAN-2021-300x205.jpg 300w\" sizes=\"auto, (max-width: 500px) 100vw, 500px\"><\/p>\n<h5 style=\"text-align: justify;\">Pour am\u00e9liorer leur image, \u00a0quelques ministres ont pr\u00e9sent\u00e9 leurs feuilles de route au cours d\u2019une r\u00e9union interminist\u00e9rielle tenue ce 30 juillet 2021 \u00e0 Yaound\u00e9.<\/h5>\n<p style=\"text-align: justify;\">\n<p style=\"text-align: justify;\">En dehors de la comp\u00e9tition proprement dite, il y a le d\u00e9cor. La r\u00e9union interminist\u00e9rielle de ce jour \u00e0 l\u2019Immeuble \u00e9toile a visit\u00e9 les dispositifs devant permettre\u00a0 d&rsquo;animer, embellir, \u00a0et\u00a0 fluidifier les \u00a0villes de Yaound\u00e9, Douala, Garoua, Limbe et Bafoussam, retenues pour abriter les poules de la CAN 2021.<\/p>\n<p style=\"text-align: justify;\"><strong>Georges Elanga Obam<\/strong>, le ministre de la D\u00e9centralisation et du d\u00e9veloppement local (Minddevel), a cit\u00e9 de sa liste l\u2019am\u00e9nagement et entretien des voiries secondaires, la cr\u00e9ation et gestion des espaces verts.<\/p>\n<p style=\"text-align: justify;\"><strong>C\u00e9lestine Ketcha Courtes<\/strong>, ministre du D\u00e9veloppement urbain et de l\u2019habitat, s\u2019appr\u00eate entre autres \u00e0 lancer une vaste op\u00e9ration de rev\u00eatement des murs des immeubles dans les villes concern\u00e9es par la comp\u00e9tition.<\/p>\n<p style=\"text-align: justify;\">Son coll\u00e8gue des Arts et de la culture, <strong>Pierre Isma\u00ebl Bidoung Mkpatt<\/strong>, ambitionne pour sa part l\u2019organisation des d\u00e9fil\u00e9s de mode, \u00e9lections, festivals patrimoniaux en r\u00e9gion. Dans le but de permettre aux visiteurs de vivre la riche diversit\u00e9 artistique nationale.<\/p>\n<p style=\"text-align: justify;\">Le ministre d\u00e9l\u00e9gu\u00e9 aupr\u00e8s de celui des Transports, <strong>Njoya Zakariaou<\/strong>, explique quant \u00e0 lui que son d\u00e9partement va davantage faciliter la mobilit\u00e9 des personnes \u00e0 travers airs et la route.<\/p>\n<p style=\"text-align: justify;\">Rappelons que la CAN 2021 va se disputer du 9 janvier au 6 f\u00e9vrier 2022. Le tirage au sort pour sa part aura lieu le 17 aout prochain au Palais des congr\u00e8s de Yaound\u00e9.<\/p>\n<p>Cet article <a rel=\"nofollow\" href=\"https:\/\/www.journalducameroun.com\/cameroun-le-gouvernement-veut-animer-embellir-et-rendre-fluide-les-villes-hotes-de-la-can-cam-camerouneroun\/\">Cameroun : le gouvernement veut animer, embellir, et rendre fluide les villes h\u00f4tes de la CAN<\/a> est apparu en premier sur <a rel=\"nofollow\" href=\"https:\/\/www.journalducameroun.com\/\">Journal du Cameroun<\/a>.<\/p>\n<\/div>\n<p>Auteur: Christian DJIMADEU<br \/>\n<a href=\"https:\/\/www.journalducameroun.com\/cameroun-le-gouvernement-veut-animer-embellir-et-rendre-fluide-les-villes-hotes-de-la-can-cam-camerouneroun\/\">Cliquez ici pour lire l&rsquo;article depuis sa source.<\/a><\/p>\n","protected":false},"excerpt":{"rendered":"<p>Pour am\u00e9liorer leur image, \u00a0quelques ministres ont pr\u00e9sent\u00e9 leurs feuilles de route au cours d\u2019une r\u00e9union interminist\u00e9rielle tenue ce 30 juillet 2021 \u00e0 Yaound\u00e9. En dehors de la comp\u00e9tition proprement dite, il y a le d\u00e9cor. La r\u00e9union interminist\u00e9rielle de ce jour \u00e0 l\u2019Immeuble \u00e9toile a visit\u00e9 les dispositifs devant permettre\u00a0 d&rsquo;animer, embellir, \u00a0et\u00a0 fluidifier [&hellip;]<\/p>\n","protected":false},"author":1965,"featured_media":0,"comment_status":"closed","ping_status":"closed","sticky":false,"template":"","format":"standard","meta":{"fifu_image_url":"https:\/\/www.journalducameroun.com\/wp-content\/uploads\/2021\/07\/Bafoussam-une-ville-renov\u00e9e-gr\u00e2ce-\u00e0-loganisation-de-la-CAN-2021.jpg","fifu_image_alt":"Cameroun : le gouvernement veut animer, embellir, et rendre fluide les villes h\u00f4tes de la CAN","footnotes":""},"categories":[73,82],"tags":[],"class_list":["post-122824","post","type-post","status-publish","format-standard","hentry","category-actualite","category-cameroun"],"_links":{"self":[{"href":"https:\/\/linitiative.ca\/International\/wp-json\/wp\/v2\/posts\/122824","targetHints":{"allow":["GET"]}}],"collection":[{"href":"https:\/\/linitiative.ca\/International\/wp-json\/wp\/v2\/posts"}],"about":[{"href":"https:\/\/linitiative.ca\/International\/wp-json\/wp\/v2\/types\/post"}],"author":[{"embeddable":true,"href":"https:\/\/linitiative.ca\/International\/wp-json\/wp\/v2\/users\/1965"}],"replies":[{"embeddable":true,"href":"https:\/\/linitiative.ca\/International\/wp-json\/wp\/v2\/comments?post=122824"}],"version-history":[{"count":0,"href":"https:\/\/linitiative.ca\/International\/wp-json\/wp\/v2\/posts\/122824\/revisions"}],"wp:attachment":[{"href":"https:\/\/linitiative.ca\/International\/wp-json\/wp\/v2\/media?parent=122824"}],"wp:term":[{"taxonomy":"category","embeddable":true,"href":"https:\/\/linitiative.ca\/International\/wp-json\/wp\/v2\/categories?post=122824"},{"taxonomy":"post_tag","embeddable":true,"href":"https:\/\/linitiative.ca\/International\/wp-json\/wp\/v2\/tags?post=122824"}],"curies":[{"name":"wp","href":"https:\/\/api.w.org\/{rel}","templated":true}]}}