{"id":122828,"date":"2021-07-30T15:18:02","date_gmt":"2021-07-30T19:18:02","guid":{"rendered":"https:\/\/linitiative.ca\/International\/lancement-a-abidjan-de-la-campagne-stronger-together\/"},"modified":"2021-07-30T15:18:02","modified_gmt":"2021-07-30T19:18:02","slug":"lancement-a-abidjan-de-la-campagne-stronger-together","status":"publish","type":"post","link":"https:\/\/linitiative.ca\/International\/lancement-a-abidjan-de-la-campagne-stronger-together\/","title":{"rendered":"Lancement \u00e0 Abidjan de la campagne \u00ab\u00a0Stronger together\u00a0\u00bb"},"content":{"rendered":"<div>\n<p><img loading=\"lazy\" decoding=\"async\" width=\"800\" height=\"533\" src=\"https:\/\/linitiative.ca\/International\/wp-content\/uploads\/sites\/23\/2021\/07\/16276726826218.jpg\" class=\"attachment-post-thumbnail size-post-thumbnail wp-post-image\" alt=\"\" srcset=\"https:\/\/linitiative.ca\/International\/wp-content\/uploads\/sites\/23\/2021\/07\/16276726826218.jpg 800w, https:\/\/www.journalducameroun.com\/wp-content\/uploads\/2021\/07\/16276726826218-300x200.jpg 300w, https:\/\/www.journalducameroun.com\/wp-content\/uploads\/2021\/07\/16276726826218-768x512.jpg 768w, https:\/\/www.journalducameroun.com\/wp-content\/uploads\/2021\/07\/16276726826218-660x440.jpg 660w, https:\/\/www.journalducameroun.com\/wp-content\/uploads\/2021\/07\/16276726826218-600x400.jpg 600w\" sizes=\"auto, (max-width: 800px) 100vw, 800px\"><\/p>\n<p>La campagne de communication pour le changement social et comportemental \u00ab\u00a0Stronger together\u00a0\u00bb pour l&rsquo;autonomisation des femmes a \u00e9t\u00e9, lanc\u00e9e vendredi, \u00e0 Abidjan.Cette campagne s&rsquo;inscrit dans le cadre du Projet r\u00e9gional pour l&rsquo;autonomisation de la femme et le dividende d\u00e9mographique au Sahel (Swedd). Son lancement est coupl\u00e9 de la pr\u00e9sentation officielle du recueil de textes juridiques et de d\u00e9cisions de justice pour la mise en place d&rsquo;un environnement favorable \u00e0 l&rsquo;autonomisation des femmes.<\/p>\n<p>La ministre ivoirienne de la Solidarit\u00e9 et de la lutte contre la pauvret\u00e9, Mme Myss Belmonde Dogo, a remerci\u00e9 lors de ce lancement le pr\u00e9sident Alassane Ouattara \u00ab\u00a0pour l&rsquo;appui qu&rsquo;il n&rsquo;a cess\u00e9 d&rsquo;apporter avec ses pairs de la sous-r\u00e9gion pour la mise en \u0153uvre du Projet r\u00e9gional pour l&rsquo;autonomisation de la femme et le dividende d\u00e9mographique au Sahel (Swedd) de 2015 \u00e0 ce jour.<\/p>\n<p>Ce projet est soutenu par des partenaires. La Banque mondiale accompagne les activit\u00e9s au plan financier, tandis que le Fonds des Nations Unies pour la population (UNFPA) et l&rsquo;organisation ouest-africaine de la sant\u00e9 (OOAS) apportent leur appui technique.<\/p>\n<p>Il vise \u00e0 mobiliser des ressources, \u00e0 d\u00e9velopper des strat\u00e9gies pertinentes pour acc\u00e9l\u00e9rer la transition d\u00e9mographique \u00e0 travers l&rsquo;autonomisation de la femme dans le cadre de cette initiative r\u00e9gionale.<\/p>\n<p>La ministre a salu\u00e9 les r\u00e9sultats encourageants obtenus lors de la premi\u00e8re phase du projet Swedd qui a permis d&rsquo;acqu\u00e9rir aupr\u00e8s de la Banque mondiale, un financement pour la deuxi\u00e8me phase du projet.<\/p>\n<p>Citant les r\u00e9sultats obtenus, Mme Myss Dogo, a fait savoir que le projet a permis \u00ab\u00a0la formation de 18 293 jeunes filles d\u00e9scolaris\u00e9es, et non scolaris\u00e9es, en mati\u00e8re de sant\u00e9 sexuelle et reproductive ainsi qu&rsquo;en comp\u00e9tence de vie.\u00a0<\/p>\n<p>En outre, 2 235 filles d\u00e9scolaris\u00e9es ont b\u00e9n\u00e9fici\u00e9 d&rsquo;une subvention pour la mise en place d&rsquo;activit\u00e9s g\u00e9n\u00e9ratrices de revenus, et 18 435 jeunes filles scolaris\u00e9es ont \u00e9t\u00e9 form\u00e9es en sant\u00e9 sexuelle, reproductive et en comp\u00e9tence de vie.<\/p>\n<p>Les r\u00e9sultats indiquent \u00e9galement que 373 094 personnes ont \u00e9t\u00e9 impact\u00e9es positivement par les interventions des agents de sant\u00e9 communautaire avec 8 310 nouvelles utilisatrices de m\u00e9thodes contraceptives dans cinq Districts sanitaires (Sinfra, Issia, Bouafl\u00e9, Zuenoula et Vavoua).<\/p>\n<p>Trente-sept enseignants au Master en sciences infirmi\u00e8res et obst\u00e9tricales, option p\u00e9dagogie des sciences de la sant\u00e9, ont \u00e9t\u00e9 form\u00e9s par l&rsquo;Institut national de formation des agents de sant\u00e9 (INFAS), b\u00e9n\u00e9ficiaire de l&rsquo;appui du Swedd pour \u00eatre un centre d&rsquo;excellence. Quarante-un \u00a0autres sont en cours de formation.<\/p>\n<p>\u00ab\u00a0La qualit\u00e9 des interventions a amen\u00e9 la Banque mondiale \u00e0 doubler le financement du Swedd qui est pass\u00e9 de 15 milliards Fcfa pour la phase 1 \u00e0 35,9 milliards Fcfa pour la phase 2 sur la p\u00e9riode 2021-2024\u00a0\u00bb, a relev\u00e9 Mme Myss Dogo.<\/p>\n<p>Interrog\u00e9 en marge du lancement, Dr Cl\u00e9ment Kouassi, coordonnateur du Projet Swedd C\u00f4te d&rsquo;Ivoire, a not\u00e9 que cette campagne s&rsquo;inscrit dans une strat\u00e9gie r\u00e9gionale et vise \u00e0 passer des messages aux populations et aux communaut\u00e9s pour un changement de comportement.<\/p>\n<p>\u00ab\u00a0C&rsquo;est une campagne de communication pour le changement de comportement social et comportemental. Dans ce cadre, nous avons \u00e9labor\u00e9 des messages \u00e0 l&rsquo;attention des jeunes filles et des adolescents\u00a0\u00bb, a-t-il dit.<\/p>\n<p>Ces messages, mentionnera-t-il, ont \u00e9t\u00e9 \u00e9labor\u00e9s de fa\u00e7on participative avec l&rsquo;ensemble des parties prenantes et avec des artistes qui ont \u00e9t\u00e9 s\u00e9lectionn\u00e9s et des femmes leaders qui sont des mod\u00e8les inspirant pour ces b\u00e9n\u00e9ficiaires.<\/p>\n<p>Cette caravane se veut \u00ab\u00a0une campagne de proximit\u00e9 qui est associ\u00e9e \u00e0 une campagne de masse, \u00e0 travers la t\u00e9l\u00e9 et la radio. Cela va durer jusqu&rsquo;\u00e0 la fin de l&rsquo;ann\u00e9e, avec des messages cl\u00e9s comme maintenir les filles \u00e0 l&rsquo;\u00e9cole\u00a0\u00bb, a-t-il soulign\u00e9.<\/p>\n<p>\u00ab\u00a0Il y aura \u00e9galement des messages sur les questions de sant\u00e9 et de la reproduction pour montrer l&rsquo;int\u00e9r\u00eat d&rsquo;aller \u00e0 la consultation pr\u00e9natale, d&rsquo;aller voir les professionnels de la sant\u00e9 et de se faire vacciner contre la Covid-19\u00a0\u00bb, \u00a0a-t-il poursuivi. \u00a0 \u00a0<\/p>\n<p>Pour l&rsquo;\u00e9dition 2021, cette campagne d\u00e9nomm\u00e9e \u00ab\u00a0Stronger together\u00a0\u00bb a pour th\u00e8me \u00ab\u00a0Education des filles et leadership f\u00e9minin\u00a0\u00bb. Elle a pour but d&rsquo;\u00e9tablir \u00ab\u00a0un lien entre l&rsquo;\u00e9ducation des filles et le d\u00e9veloppement\u00a0\u00bb.<\/p>\n<p>La campagne qui va couvrir l&rsquo;ensemble du pays sera marqu\u00e9e par une caravane qui sillonnera quelques r\u00e9gions de la C\u00f4te d&rsquo;Ivoire, entre autres, le Goh, le Tonkpi, le Poro; le Zanzan. \u00a0<\/p>\n<p>Cet article <a rel=\"nofollow\" href=\"https:\/\/www.journalducameroun.com\/lancement-a-abidjan-de-la-campagne-stronger-together\/\">Lancement \u00e0 Abidjan de la campagne \u00ab\u00a0Stronger together\u00a0\u00bb<\/a> est apparu en premier sur <a rel=\"nofollow\" href=\"https:\/\/www.journalducameroun.com\/\">Journal du Cameroun<\/a>.<\/p>\n<\/div>\n<p>Auteur: APA News<br \/>\n<a href=\"https:\/\/www.journalducameroun.com\/lancement-a-abidjan-de-la-campagne-stronger-together\/\">Cliquez ici pour lire l&rsquo;article depuis sa source.<\/a><\/p>\n","protected":false},"excerpt":{"rendered":"<p>La campagne de communication pour le changement social et comportemental \u00ab\u00a0Stronger together\u00a0\u00bb pour l&rsquo;autonomisation des femmes a \u00e9t\u00e9, lanc\u00e9e vendredi, \u00e0 Abidjan.Cette campagne s&rsquo;inscrit dans le cadre du Projet r\u00e9gional pour l&rsquo;autonomisation de la femme et le dividende d\u00e9mographique au Sahel (Swedd). Son lancement est coupl\u00e9 de la pr\u00e9sentation officielle du recueil de textes juridiques [&hellip;]<\/p>\n","protected":false},"author":1965,"featured_media":0,"comment_status":"closed","ping_status":"closed","sticky":false,"template":"","format":"standard","meta":{"fifu_image_url":"https:\/\/www.journalducameroun.com\/wp-content\/uploads\/2021\/07\/16276726826218.jpg","fifu_image_alt":"Lancement \u00e0 Abidjan de la campagne \u00ab\u00a0Stronger together\u00a0\u00bb","footnotes":""},"categories":[73,82],"tags":[],"class_list":["post-122828","post","type-post","status-publish","format-standard","hentry","category-actualite","category-cameroun"],"_links":{"self":[{"href":"https:\/\/linitiative.ca\/International\/wp-json\/wp\/v2\/posts\/122828","targetHints":{"allow":["GET"]}}],"collection":[{"href":"https:\/\/linitiative.ca\/International\/wp-json\/wp\/v2\/posts"}],"about":[{"href":"https:\/\/linitiative.ca\/International\/wp-json\/wp\/v2\/types\/post"}],"author":[{"embeddable":true,"href":"https:\/\/linitiative.ca\/International\/wp-json\/wp\/v2\/users\/1965"}],"replies":[{"embeddable":true,"href":"https:\/\/linitiative.ca\/International\/wp-json\/wp\/v2\/comments?post=122828"}],"version-history":[{"count":0,"href":"https:\/\/linitiative.ca\/International\/wp-json\/wp\/v2\/posts\/122828\/revisions"}],"wp:attachment":[{"href":"https:\/\/linitiative.ca\/International\/wp-json\/wp\/v2\/media?parent=122828"}],"wp:term":[{"taxonomy":"category","embeddable":true,"href":"https:\/\/linitiative.ca\/International\/wp-json\/wp\/v2\/categories?post=122828"},{"taxonomy":"post_tag","embeddable":true,"href":"https:\/\/linitiative.ca\/International\/wp-json\/wp\/v2\/tags?post=122828"}],"curies":[{"name":"wp","href":"https:\/\/api.w.org\/{rel}","templated":true}]}}