{"id":122832,"date":"2021-07-30T17:18:02","date_gmt":"2021-07-30T21:18:02","guid":{"rendered":"https:\/\/linitiative.ca\/International\/sommet-afrique-france-un-autre-format-pour-reinventer-la-relation\/"},"modified":"2021-07-30T17:18:02","modified_gmt":"2021-07-30T21:18:02","slug":"sommet-afrique-france-un-autre-format-pour-reinventer-la-relation","status":"publish","type":"post","link":"https:\/\/linitiative.ca\/International\/sommet-afrique-france-un-autre-format-pour-reinventer-la-relation\/","title":{"rendered":"Sommet Afrique-France : un autre format pour \u00ab r\u00e9inventer \u00bb la relation"},"content":{"rendered":"<div>\n<p><img loading=\"lazy\" decoding=\"async\" width=\"1700\" height=\"1016\" src=\"https:\/\/linitiative.ca\/International\/wp-content\/uploads\/sites\/23\/2021\/07\/16276798823296.jpg\" class=\"attachment-post-thumbnail size-post-thumbnail wp-post-image\" alt=\"\" srcset=\"https:\/\/linitiative.ca\/International\/wp-content\/uploads\/sites\/23\/2021\/07\/16276798823296.jpg 1700w, https:\/\/www.journalducameroun.com\/wp-content\/uploads\/2021\/07\/16276798823296-300x179.jpg 300w, https:\/\/www.journalducameroun.com\/wp-content\/uploads\/2021\/07\/16276798823296-768x459.jpg 768w, https:\/\/www.journalducameroun.com\/wp-content\/uploads\/2021\/07\/16276798823296-1024x612.jpg 1024w, https:\/\/www.journalducameroun.com\/wp-content\/uploads\/2021\/07\/16276798823296-736x440.jpg 736w, https:\/\/www.journalducameroun.com\/wp-content\/uploads\/2021\/07\/16276798823296-600x359.jpg 600w\" sizes=\"auto, (max-width: 1700px) 100vw, 1700px\"><\/p>\n<p>Le Sommet Afrique-France, pr\u00e9vu du 7 au 9 octobre 2021 \u00e0 Montpellier, est cens\u00e9 \u00eatre le point de d\u00e9part d&rsquo;une nouvelle \u00e8re.\u00ab Nouveau format, nouveaux acteurs, nouvelles th\u00e9matiques, nouveaux enjeux \u00bb. C&rsquo;est la promesse pour le prochain Sommet Afrique-France. Selon un communiqu\u00e9 de l&rsquo;ambassade de France \u00e0 Asmara (Erythr\u00e9e), re\u00e7u vendredi \u00e0 APA, l&rsquo;objectif de cet \u00e9v\u00e8nement est de porter un regard neuf sur cette relation pour offrir un nouveau cadre de r\u00e9flexion et d&rsquo;action aux nouvelles g\u00e9n\u00e9rations.<\/p>\n<p>Dans cette optique, le Nouveau Sommet Afrique-France \u00ab mettra \u00e0 l&rsquo;honneur celles et ceux qui font vivre au quotidien (cette) relation et qui contribuent \u00e0 construire un avenir commun : acteurs issus des diasporas, de l&rsquo;entrepreneuriat, des domaines culturels, artistiques et sportifs \u00bb.<\/p>\n<p>Cette rencontre, au cours de laquelle \u00ab ces acteurs du changement \u00bb seront \u00e9cout\u00e9s, devrait permettre aux parties prenantes de \u00ab red\u00e9finir les fondamentaux \u00bb de leurs rapports afin de \u00ab r\u00e9pondre aux interrogations de la jeunesse et de cr\u00e9er un espace de dialogue orient\u00e9 vers l&rsquo;avenir \u00bb.<\/p>\n<p>Le 28 novembre 2017 \u00e0 Ouagadougou, la capitale du Burkina Faso, les jeunes \u00e9taient \u00ab au c\u0153ur des engagements \u00bb d&rsquo;Emmanuel Macron. Le pr\u00e9sident fran\u00e7ais avait fait part de son ambition de \u00ab renouveler\u00a0\u00bb les liens entre son pays et le continent noir \u00ab en mati\u00e8re d&rsquo;\u00e9ducation, de mobilit\u00e9s, de gouvernance ou encore de d\u00e9veloppement \u00e9conomique \u00bb.<\/p>\n<p>A en croire le document, la jeunesse est \u00ab source de solutions pour r\u00e9pondre aux grands d\u00e9fis d&rsquo;aujourd&rsquo;hui et de demain\u00a0\u00bb d&rsquo;o\u00f9 son \u00ab r\u00f4le central \u00bb dans le Nouveau Sommet Afrique-France.<\/p>\n<p>Le rendez-vous de Montpellier sera l&rsquo;occasion de faire un point d&rsquo;\u00e9tape sur les principales priorit\u00e9s. Il s&rsquo;agit notamment de faciliter l&rsquo;acc\u00e8s \u00e0 l&rsquo;\u00e9ducation et \u00e0 l&rsquo;enseignement sup\u00e9rieur, d&rsquo;apporter un soutien \u00e0 l&rsquo;entrepreneuriat et l&rsquo;innovation.<\/p>\n<p>Ce sommet doit \u00e9galement donner \u00e0 la France l&rsquo;opportunit\u00e9 de construire un nouvel imaginaire commun avec l&rsquo;Afrique, d&rsquo;accompagner le continent qui se place aux avant-postes de la transition climatique et d&rsquo;\u0153uvrer \u00e0 la refondation de l&rsquo;aide au d\u00e9veloppement au profit d&rsquo;une relation partenariale.<\/p>\n<p>Cet article <a rel=\"nofollow\" href=\"https:\/\/www.journalducameroun.com\/sommet-afrique-france-un-autre-format-pour-reinventer-la-relation\/\">Sommet Afrique-France : un autre format pour \u00ab r\u00e9inventer \u00bb la relation<\/a> est apparu en premier sur <a rel=\"nofollow\" href=\"https:\/\/www.journalducameroun.com\/\">Journal du Cameroun<\/a>.<\/p>\n<\/div>\n<p>Auteur: APA News<br \/>\n<a href=\"https:\/\/www.journalducameroun.com\/sommet-afrique-france-un-autre-format-pour-reinventer-la-relation\/\">Cliquez ici pour lire l&rsquo;article depuis sa source.<\/a><\/p>\n","protected":false},"excerpt":{"rendered":"<p>Le Sommet Afrique-France, pr\u00e9vu du 7 au 9 octobre 2021 \u00e0 Montpellier, est cens\u00e9 \u00eatre le point de d\u00e9part d&rsquo;une nouvelle \u00e8re.\u00ab Nouveau format, nouveaux acteurs, nouvelles th\u00e9matiques, nouveaux enjeux \u00bb. C&rsquo;est la promesse pour le prochain Sommet Afrique-France. Selon un communiqu\u00e9 de l&rsquo;ambassade de France \u00e0 Asmara (Erythr\u00e9e), re\u00e7u vendredi \u00e0 APA, l&rsquo;objectif de [&hellip;]<\/p>\n","protected":false},"author":1965,"featured_media":0,"comment_status":"closed","ping_status":"closed","sticky":false,"template":"","format":"standard","meta":{"fifu_image_url":"https:\/\/www.journalducameroun.com\/wp-content\/uploads\/2021\/07\/16276798823296.jpg","fifu_image_alt":"Sommet Afrique-France : un autre format pour \u00ab r\u00e9inventer \u00bb la relation","footnotes":""},"categories":[73,82],"tags":[],"class_list":["post-122832","post","type-post","status-publish","format-standard","hentry","category-actualite","category-cameroun"],"_links":{"self":[{"href":"https:\/\/linitiative.ca\/International\/wp-json\/wp\/v2\/posts\/122832","targetHints":{"allow":["GET"]}}],"collection":[{"href":"https:\/\/linitiative.ca\/International\/wp-json\/wp\/v2\/posts"}],"about":[{"href":"https:\/\/linitiative.ca\/International\/wp-json\/wp\/v2\/types\/post"}],"author":[{"embeddable":true,"href":"https:\/\/linitiative.ca\/International\/wp-json\/wp\/v2\/users\/1965"}],"replies":[{"embeddable":true,"href":"https:\/\/linitiative.ca\/International\/wp-json\/wp\/v2\/comments?post=122832"}],"version-history":[{"count":0,"href":"https:\/\/linitiative.ca\/International\/wp-json\/wp\/v2\/posts\/122832\/revisions"}],"wp:attachment":[{"href":"https:\/\/linitiative.ca\/International\/wp-json\/wp\/v2\/media?parent=122832"}],"wp:term":[{"taxonomy":"category","embeddable":true,"href":"https:\/\/linitiative.ca\/International\/wp-json\/wp\/v2\/categories?post=122832"},{"taxonomy":"post_tag","embeddable":true,"href":"https:\/\/linitiative.ca\/International\/wp-json\/wp\/v2\/tags?post=122832"}],"curies":[{"name":"wp","href":"https:\/\/api.w.org\/{rel}","templated":true}]}}