{"id":122834,"date":"2021-07-30T05:19:45","date_gmt":"2021-07-30T09:19:45","guid":{"rendered":"https:\/\/linitiative.ca\/International\/le-fmi-approuve-un-nouvel-accord-de-pret-triennal-de-375-milliards-de-fcfa-en-faveur-du-cameroun\/"},"modified":"2021-07-30T05:19:45","modified_gmt":"2021-07-30T09:19:45","slug":"le-fmi-approuve-un-nouvel-accord-de-pret-triennal-de-375-milliards-de-fcfa-en-faveur-du-cameroun","status":"publish","type":"post","link":"https:\/\/linitiative.ca\/International\/le-fmi-approuve-un-nouvel-accord-de-pret-triennal-de-375-milliards-de-fcfa-en-faveur-du-cameroun\/","title":{"rendered":"Le FMI approuve un nouvel accord de pr\u00eat triennal de  375 milliards de FCFA en faveur du Cameroun"},"content":{"rendered":"<div>\n<p>Le conseil d\u2019administration du Fonds mon\u00e9taire International(FMI) a approuv\u00e9, le 29 juillet 2021, un accord de pr\u00eat d\u2019un montant de 689,5 millions de dollars, soit 375 milliards de FCFA en faveur du Cameroun. Ce pr\u00eat qui s\u2019inscrit dans le cadre de la facilit\u00e9 \u00e9largie de cr\u00e9dit du FMI s\u2019\u00e9talera sur une p\u00e9riode de 3 ans \u00e0 travers la facilit\u00e9 \u00e9largie de cr\u00e9dit (FEC) et le m\u00e9canisme \u00e9largi de cr\u00e9dit(MEDC).\u00a0 Selon les autorit\u00e9s camerounaises, un premier d\u00e9caissement d\u2019environ 96 milliards devrait \u00eatre effectu\u00e9 dans les prochains jours.<\/p>\n<p><strong>Lire aussi<\/strong> : <strong><a href=\"https:\/\/ecomatin.net\/relance-economique-les-contours-du-prochain-programme-cameroun-fmi\/\">Relance \u00e9conomique : les contours du prochain programme Cameroun-FMI<\/a><\/strong><\/p>\n<p>\u00ab\u00a0\u00a0Dans ce contexte, le financement au titre des accords de la FEC et du MEDC soutiendrait les efforts des autorit\u00e9s pour parvenir \u00e0 une reprise post-pand\u00e9mie rapide, renforcer la viabilit\u00e9 ext\u00e9rieure et budg\u00e9taire \u00e0 moyen terme et mettre en \u0153uvre leur programme de r\u00e9formes structurelles vers une croissance soutenue, plus inclusive et diversifi\u00e9e\u00a0\u00bb a d\u00e9clar\u00e9 Mitsuhiro Furusawa, Directeur G\u00e9n\u00e9ral adjoint et Pr\u00e9sident par int\u00e9rim du FMI.<\/p>\n<p><strong>Lire aussi<\/strong> : <strong><a href=\"https:\/\/ecomatin.net\/cameroun-fmi-negociations-serrees-autour-de-400-milliards-de-fcfa\/\">Cameroun-FMI : n\u00e9gociations serr\u00e9es autour de 400 milliards de Fcfa<\/a><\/strong><\/p>\n<p>Comme les autres pays \u00e0 travers le monde, le Cameroun a p\u00e2ti des effets de la crise sanitaire du coronavirus sur son \u00e9conomie, ce qui a modifi\u00e9 \u00e0 la baisse ses objectifs de croissance. Ainsi, le taux de croissance s\u2019est situ\u00e9 \u00e0 0,7% en 2020 contre 3,7% en 2019. Ce ralentissement est observ\u00e9 tant dans les secteurs p\u00e9trolier que non p\u00e9trolier. Le secteur p\u00e9trolier qui a connu une hausse de la production (+2,2%), enregistre une croissance l\u00e9g\u00e8re estim\u00e9e \u00e0 1,3%. En 2021, le gouvernement projette un rebond de la croissance \u00e0 3,6% et \u00e0 4,6% en 2022. Pour les autorit\u00e9s camerounaises, ce nouveau Programme triennal permettra d\u2019amorcer la reprise \u00e9conomique \u00e0 partir de cette ann\u00e9e 2021 et d\u2019atteindre une croissance forte, soutenue et inclusive, adoss\u00e9e \u00e0 des financements ad\u00e9quats et une politiques budg\u00e9taire compatible avec la lutte contre l\u2019expansion de la pand\u00e9mie \u00e0 coronavirus.<\/p>\n<p><strong>Lire aussi<\/strong> : <strong><a href=\"https:\/\/ecomatin.net\/cameroun-fmi-les-premices-dun-nouveau-programme\/\">Cameroun-FMI : les pr\u00e9mices d\u2019un nouveau programme<\/a><\/strong><\/p>\n<p>\u00ab\u00a0cette d\u00e9cision des administrateurs du FMI, qui intervient \u00e0 moins d\u2019un mois apr\u00e8s le succ\u00e8s r\u00e9alis\u00e9 par notre pays sur les march\u00e9s internationaux des capitaux dans le cadre d\u00e8s l\u2019\u00e9mission d\u2019un nouvel eurobond de 450 milliards de FCFA destin\u00e9e en partie au rachat de l\u2019eurobond de 2015, constitue \u00e0 n\u2019en point douter, un signe d\u2019encouragement aux r\u00e9formes que m\u00e8ne le gouvernement sous la houlette du Pr\u00e9sident de la r\u00e9publique, en vue de l\u2019\u00e9mergence \u00e9conomique et social du Cameroun \u00e0 l\u2019horizon 2035\u00a0\u00bb s\u2019est exprim\u00e9, Louis Paul Motaze, le ministre camerounais des Finances.\u00a0<\/p>\n<p>L\u2019article <a rel=\"nofollow\" href=\"https:\/\/ecomatin.net\/le-fmi-approuve-un-nouvell-accord-de-pret-t-triennal-de-375-milliards-de-fcfa-en-faveur-du-cameroun\/\">Le FMI approuve un nouvel accord de pr\u00eat triennal de  375 milliards de FCFA en faveur du Cameroun<\/a> est apparu en premier sur <a rel=\"nofollow\" href=\"https:\/\/ecomatin.net\/\">EcoMatin<\/a>.<\/p>\n<\/div>\n<p>Auteur: Cindy MBALA<br \/>\n<a href=\"https:\/\/ecomatin.net\/le-fmi-approuve-un-nouvell-accord-de-pret-t-triennal-de-375-milliards-de-fcfa-en-faveur-du-cameroun\/\">Cliquez ici pour lire l&rsquo;article depuis sa source.<\/a><\/p>\n","protected":false},"excerpt":{"rendered":"<p>Le conseil d\u2019administration du Fonds mon\u00e9taire International(FMI) a approuv\u00e9, le 29 juillet 2021, un accord de pr\u00eat d\u2019un montant de 689,5 millions de dollars, soit 375 milliards de FCFA en faveur du Cameroun. Ce pr\u00eat qui s\u2019inscrit dans le cadre de la facilit\u00e9 \u00e9largie de cr\u00e9dit du FMI s\u2019\u00e9talera sur une p\u00e9riode de 3 ans [&hellip;]<\/p>\n","protected":false},"author":1969,"featured_media":0,"comment_status":"closed","ping_status":"closed","sticky":false,"template":"","format":"standard","meta":{"fifu_image_url":"","fifu_image_alt":"","footnotes":""},"categories":[82,78],"tags":[],"class_list":["post-122834","post","type-post","status-publish","format-standard","hentry","category-cameroun","category-economie"],"_links":{"self":[{"href":"https:\/\/linitiative.ca\/International\/wp-json\/wp\/v2\/posts\/122834","targetHints":{"allow":["GET"]}}],"collection":[{"href":"https:\/\/linitiative.ca\/International\/wp-json\/wp\/v2\/posts"}],"about":[{"href":"https:\/\/linitiative.ca\/International\/wp-json\/wp\/v2\/types\/post"}],"author":[{"embeddable":true,"href":"https:\/\/linitiative.ca\/International\/wp-json\/wp\/v2\/users\/1969"}],"replies":[{"embeddable":true,"href":"https:\/\/linitiative.ca\/International\/wp-json\/wp\/v2\/comments?post=122834"}],"version-history":[{"count":0,"href":"https:\/\/linitiative.ca\/International\/wp-json\/wp\/v2\/posts\/122834\/revisions"}],"wp:attachment":[{"href":"https:\/\/linitiative.ca\/International\/wp-json\/wp\/v2\/media?parent=122834"}],"wp:term":[{"taxonomy":"category","embeddable":true,"href":"https:\/\/linitiative.ca\/International\/wp-json\/wp\/v2\/categories?post=122834"},{"taxonomy":"post_tag","embeddable":true,"href":"https:\/\/linitiative.ca\/International\/wp-json\/wp\/v2\/tags?post=122834"}],"curies":[{"name":"wp","href":"https:\/\/api.w.org\/{rel}","templated":true}]}}