{"id":122835,"date":"2021-07-30T10:53:27","date_gmt":"2021-07-30T14:53:27","guid":{"rendered":"https:\/\/linitiative.ca\/International\/ecomatin-celebre-les-anniversaires-de-cindy-mbala-betine-et-daniel-tchinda\/"},"modified":"2021-07-30T10:53:27","modified_gmt":"2021-07-30T14:53:27","slug":"ecomatin-celebre-les-anniversaires-de-cindy-mbala-betine-et-daniel-tchinda","status":"publish","type":"post","link":"https:\/\/linitiative.ca\/International\/ecomatin-celebre-les-anniversaires-de-cindy-mbala-betine-et-daniel-tchinda\/","title":{"rendered":"EcoMatin c\u00e9l\u00e8bre les anniversaires de Cindy Mbala Betine et Daniel Tchinda"},"content":{"rendered":"<div>\n<p>Les 16 et 19 juillet 2021, deux membres du personnel du journal EcoMatin ont eu un an de plus. Il s\u2019agit respectivement de\u00a0Cindy Mbala Betine, journaliste et coordinatrice de la r\u00e9daction web et de Daniel Tchinda, Chef de la Section financi\u00e8res et comptable. Comme \u00e0 l\u2019accoutum\u00e9e, leurs anniversaires ont \u00e9t\u00e9 c\u00e9l\u00e9br\u00e9 le lundi 26 juillet 2021, en compagnie des autres coll\u00e8gues.<\/p>\n<p><strong>Lire aussi<\/strong> : <strong><a href=\"https:\/\/ecomatin.net\/joyeux-anniversaire-carine-marthe\/\">Joyeux anniversaire Carine Marthe!<\/a><\/strong><\/p>\n<p>Pur produit de\u00a0\u00a0l\u2019Ecole Sup\u00e9rieure des Sciences et Techniques de l\u2019Information et de la Communication\u00a0(Esstic), o\u00f9 de grands journalistes ont \u00e9t\u00e9 form\u00e9s, \u00e0 l\u2019instar de Charles Ndongo, Adele Mbala, Fran\u00e7ois Marc Modzom, Cindy Mbala Betine, alimente sous sa plume la rubrique \u00ab\u00a0Conjoncture\u00a0\u00bb, du bihebdomadaire et du site internet. Dipl\u00f4m\u00e9e de la 47<sup>e<\/sup>\u00a0promotion de journalisme de l\u2019Esstic, elle veille par ailleurs contenus du site internet et des diff\u00e9rents comptes sur les r\u00e9seaux sociaux.<\/p>\n<p><strong>Lire aussi<\/strong> : <strong><a href=\"https:\/\/ecomatin.net\/le-personnel-decomatin-celebre-le-8-mars\/\">Le personnel d\u2019EcoMatin c\u00e9l\u00e8bre le 8 mars<\/a><\/strong><\/p>\n<p>D\u2019un temp\u00e9rament calme et peu bavard, Daniel Tchinda encore appel\u00e9\u00a0\u00ab\u00a0grand fr\u00e8re\u00a0\u00bb au sein de la r\u00e9daction EcoMatin, est en charge des affaires financi\u00e8res courantes au sein du m\u00e9dia. C\u2019est un produit de l\u2019Institut universitaire des sciences, des technologies et de l\u2019\u00e9thique (IUSTE). Il y a obtenu un Brevet de technicien sup\u00e9rieur (BTS) et une licence professionnelle en comptabilit\u00e9, contr\u00f4le et audit.<\/p>\n<p><strong>Lire aussi<\/strong> : <strong><a href=\"https:\/\/ecomatin.net\/le-siege-de-ecomatin-reprend-des-couleurs\/\">Le si\u00e8ge de EcoMatin reprend des couleurs<\/a><\/strong><\/p>\n<p>La c\u00e9l\u00e9bration du jour riche en \u00e9motions, a \u00e9t\u00e9 rendu possible gr\u00e2ce \u00e0 l\u2019impulsion du Directeur de Publication Emile Fidieck, qui a saisi l\u2019occasion pour rappeler \u00e0 son personnel les d\u00e9fis de la r\u00e9daction \u00e0 mi-parcours de l\u2019ann\u00e9e 2021. Il s\u2019agit du red\u00e9ploiement du personnel, du renforcement du traitement de l\u2019actualit\u00e9 des r\u00e9gions. En patron consciencieux, il n\u2019a pas manqu\u00e9 de faire mention du fait qu\u2019il envisage de fournir d\u2019avantages efforts pour cr\u00e9er un cadre propice au travail des pigistes, et rendre la boutique en ligne plus accessible au vue du flux en mati\u00e8re d\u2019achat du journal. L\u2019apr\u00e8s-midi de ce 26 juillet, a donc \u00e9t\u00e9 un moment familial partag\u00e9 autour des valeurs qui sont ch\u00e8res au journal EcoMatin.<\/p>\n<p>L\u2019article <a rel=\"nofollow\" href=\"https:\/\/ecomatin.net\/ecomatin-celebre-less-anniversaires-s-de-cindy-mbala-betine-et-daniel-tchinda\/\">EcoMatin c\u00e9l\u00e8bre les anniversaires de Cindy Mbala Betine et Daniel Tchinda<\/a> est apparu en premier sur <a rel=\"nofollow\" href=\"https:\/\/ecomatin.net\/\">EcoMatin<\/a>.<\/p>\n<\/div>\n<p>Auteur: EcoMatin<br \/>\n<a href=\"https:\/\/ecomatin.net\/ecomatin-celebre-less-anniversaires-s-de-cindy-mbala-betine-et-daniel-tchinda\/\">Cliquez ici pour lire l&rsquo;article depuis sa source.<\/a><\/p>\n","protected":false},"excerpt":{"rendered":"<p>Les 16 et 19 juillet 2021, deux membres du personnel du journal EcoMatin ont eu un an de plus. Il s\u2019agit respectivement de\u00a0Cindy Mbala Betine, journaliste et coordinatrice de la r\u00e9daction web et de Daniel Tchinda, Chef de la Section financi\u00e8res et comptable. Comme \u00e0 l\u2019accoutum\u00e9e, leurs anniversaires ont \u00e9t\u00e9 c\u00e9l\u00e9br\u00e9 le lundi 26 juillet [&hellip;]<\/p>\n","protected":false},"author":1969,"featured_media":0,"comment_status":"closed","ping_status":"closed","sticky":false,"template":"","format":"standard","meta":{"fifu_image_url":"","fifu_image_alt":"","footnotes":""},"categories":[82,78],"tags":[],"class_list":["post-122835","post","type-post","status-publish","format-standard","hentry","category-cameroun","category-economie"],"_links":{"self":[{"href":"https:\/\/linitiative.ca\/International\/wp-json\/wp\/v2\/posts\/122835","targetHints":{"allow":["GET"]}}],"collection":[{"href":"https:\/\/linitiative.ca\/International\/wp-json\/wp\/v2\/posts"}],"about":[{"href":"https:\/\/linitiative.ca\/International\/wp-json\/wp\/v2\/types\/post"}],"author":[{"embeddable":true,"href":"https:\/\/linitiative.ca\/International\/wp-json\/wp\/v2\/users\/1969"}],"replies":[{"embeddable":true,"href":"https:\/\/linitiative.ca\/International\/wp-json\/wp\/v2\/comments?post=122835"}],"version-history":[{"count":0,"href":"https:\/\/linitiative.ca\/International\/wp-json\/wp\/v2\/posts\/122835\/revisions"}],"wp:attachment":[{"href":"https:\/\/linitiative.ca\/International\/wp-json\/wp\/v2\/media?parent=122835"}],"wp:term":[{"taxonomy":"category","embeddable":true,"href":"https:\/\/linitiative.ca\/International\/wp-json\/wp\/v2\/categories?post=122835"},{"taxonomy":"post_tag","embeddable":true,"href":"https:\/\/linitiative.ca\/International\/wp-json\/wp\/v2\/tags?post=122835"}],"curies":[{"name":"wp","href":"https:\/\/api.w.org\/{rel}","templated":true}]}}