{"id":122836,"date":"2021-07-30T13:55:09","date_gmt":"2021-07-30T17:55:09","guid":{"rendered":"https:\/\/linitiative.ca\/International\/filiere-tabac-les-tabaculteurs-sopposent-a-la-delimitation-des-zones\/"},"modified":"2021-07-30T13:55:09","modified_gmt":"2021-07-30T17:55:09","slug":"filiere-tabac-les-tabaculteurs-sopposent-a-la-delimitation-des-zones","status":"publish","type":"post","link":"https:\/\/linitiative.ca\/International\/filiere-tabac-les-tabaculteurs-sopposent-a-la-delimitation-des-zones\/","title":{"rendered":"Fili\u00e8re tabac : les tabaculteurs s\u2019opposent \u00e0 la d\u00e9limitation des zones"},"content":{"rendered":"<div>\n<p>\u00ab D\u00e9nonciation du d\u00e9sordre que le Minader veut installer dans la fili\u00e8re tabac \u00e0 l\u2019Est, susceptible de cr\u00e9er des remous sociaux \u00bb.Tel est l\u2019objet d\u2019une correspondance adress\u00e9e au Ministre de l\u2019Agriculture et du d\u00e9veloppement rural (Minader), au mois de juin 2021 par un collectif des planteurs du tabac du d\u00e9partement de la Kadey \u00e0 l\u2019Est. Le collectif est constitu\u00e9 de 52 signataires issus des secteurs de production de Lala, K\u00e9tt\u00e9, Ngoura, Timangolo, Mbounou et Lolo.<\/p>\n<p><strong>Lire aussi<\/strong> : <strong><a href=\"https:\/\/ecomatin.net\/culture-du-tabacc-les-producteurs-de-lest-reclament-500-millions-aux-entreprises\/\">Culture du tabac\u00a0: les producteurs de l\u2019Est r\u00e9clament 500 millions aux entreprises<\/a><\/strong><\/p>\n<p>Dans leur revendication, les planteurs de la Kady, d\u00e9noncent le fait \u00ab qu\u2019il y a un d\u00e9sordre qui s\u2019installe dans la fili\u00e8re tabac, dont les acteurs principaux s\u2019appuient sur une r\u00e9union pratiquement informelle avec certains soci\u00e9t\u00e9s commerciales et sans les vrais planteurs organis\u00e9e par le Ministre de l\u2019Agriculture \u00bb. En effet, pendant son s\u00e9jour au mois de d\u00e9cembre 2020 \u00e0 Bertoua, le Ministre, Gabriel Mbairobe a rencontr\u00e9 certains acteurs de la fili\u00e8re tabac dans le cadre de ses audiences dans un h\u00f4tel de la place. Au terme de ladite rencontre, certaines d\u00e9cisions ont \u00e9t\u00e9 prises. Il s\u2019agit notamment de la d\u00e9limitation du p\u00e9rim\u00e8tre d\u2019action des soci\u00e9t\u00e9s autour des centres tabacoles acquis de l\u2019ex SCT dont le p\u00e9rim\u00e8tre est de 50 kilom\u00e8tres. Aujourd\u2019hui cette d\u00e9cision est vigoureusement contest\u00e9e par les planteurs. \u00ab Il s\u2019agit l\u00e0 monsieur le Ministre, d\u2019une entorse grave \u00e0 la loi no95\/11 du 25 juillet 1995 en son article (1) qui stipule que la commercialisation des produits de base est ouverte aux entreprises r\u00e9guli\u00e8rement constitu\u00e9es et aux organisations cr\u00e9\u00e9es par les producteurs et aux unit\u00e9s locales de transformation \u00bb, \u00e9crivent les planteurs en \u00e9voquant l\u2019alin\u00e9a 2 du m\u00eame article qui interdit \u00ab la concession en monopole des zones d\u2019achats ainsi que l\u2019attribution des qu\u00eates r\u00e9serv\u00e9es \u00e0 des op\u00e9rateurs de ces produits \u00bb. Aussi l\u2019article 8 (2) de la m\u00eame loi interdit \u00ab les ententes entre les acheteurs ou leur organisation en vue d\u2019imposer un prix aux producteurs \u00bb.<\/p>\n<p><strong>Lire aussi<\/strong> : <strong><a href=\"https:\/\/ecomatin.net\/commerce-exterieur-le-tabac-de-bertoua-relance-la-filieree-a-linternational\/\">Commerce ext\u00e9rieur : Le tabac de Bertoua relance la fili\u00e8re \u00e0 l\u2019international<\/a><\/strong><\/p>\n<p>Pour le collectif, \u00e0 la lecture des articles de cette loi, il est clair que la commercialisation des produits de base au Cameroun est libre. Plus loin, estiment les mandataires de plus de 3500 planteurs de la Kadey, \u00ab les centres tabacoles auxquels on se base pour d\u00e9limiter les zones sont une farce (la plupart \u00e9tant abandonn\u00e9s \u00e0 eux-m\u00eames) et un mauvais souvenir pour les planteurs \u00bb.<\/p>\n<p><strong>Lire aussi<\/strong> : <strong><a href=\"https:\/\/ecomatin.net\/commerce-illicite-du-tabac-le-double-jeu-des-multinationales\/\">Commerce i<\/a>llicite du tabac : le double jeu des multinationales<\/strong><\/p>\n<p>A titre de rappel, lors de la liquidation de la d\u00e9funte SCT en 1998 qui encadrait les planteurs, la FPTC (F\u00e9d\u00e9ration des planteurs de tabac) a transform\u00e9 les droits sociaux des planteurs et des ouvriers pour acheter ces centres en d\u00e9livrant les certificats de parts sociales aux planteurs comme actionnaires de la F\u00e9d\u00e9ration.Malheureusement, d\u00e9noncent les planteurs, depuis 1998, aucun retour sur cet investissement n\u2019a \u00e9t\u00e9 revers\u00e9. Bien plus, au fil des ann\u00e9es, la F\u00e9d\u00e9ration a collect\u00e9 les tabacs aupr\u00e8s des planteurs sans payer. \u00ab Comment voulez-vous dans ce contexte, monsieur le Ministre, que le planteur qui a \u00e9t\u00e9 flou\u00e9 par la F\u00e9d\u00e9ration, lui remette encore sa production alors que les planteurs ont aujourd\u2019hui, une nouvelle soci\u00e9t\u00e9 cr\u00e9\u00e9e par un fils de planteur qui a financ\u00e9 la campagne agricole 2021 partout dans le d\u00e9partement de la Kadey et qui est pr\u00eate \u00e0 payer les productions cash aupr\u00e8s des planteurs \u00bb ?, s\u2019interrogent les r\u00e9dacteurs de la lettre. Pour eux, depuis 1998, les choses ont chang\u00e9. Il y a une nouvelle g\u00e9n\u00e9ration de planteurs qui n\u2019a rien en commun avec les centres tabacoles parce que n\u2019\u00e9tant pas actionnaire. \u00ab Comment voulez-vous que ces planteurs soient oblig\u00e9s de vendre leurs productions \u00e0 une soci\u00e9t\u00e9 qui n\u2019a pas financ\u00e9 la campagne agricole tout simplement parce qu\u2019on a cr\u00e9\u00e9 des zones \u00bb?, peut-on lire. Pour conclure, les planteurs \u00e9voquent une curiosit\u00e9. \u00ab Le fait que le minist\u00e8re de l\u2019Agriculture et du d\u00e9veloppement rural a arr\u00eat\u00e9 les activit\u00e9s du Projet national d\u2019appui au d\u00e9veloppement du tabac et des plantes stimulantes (Pnadtps) par d\u00e9cision No 00026 du 17 f\u00e9vrier 2020 donne l\u2019impression que le Minader s\u2019est retir\u00e9 de la fili\u00e8re \u00bb.<\/p>\n<p>Ma<strong>rtin Foula<\/strong><\/p>\n<p>L\u2019article <a rel=\"nofollow\" href=\"https:\/\/ecomatin.net\/filiere-tabac-les-tabaculteurss-sopposent-t-a-la-delimitation-des-zones\/\">Fili\u00e8re tabac : les tabaculteurs s\u2019opposent \u00e0 la d\u00e9limitation des zones<\/a> est apparu en premier sur <a rel=\"nofollow\" href=\"https:\/\/ecomatin.net\/\">EcoMatin<\/a>.<\/p>\n<\/div>\n<p>Auteur: EcoMatin<br \/>\n<a href=\"https:\/\/ecomatin.net\/filiere-tabac-les-tabaculteurss-sopposent-t-a-la-delimitation-des-zones\/\">Cliquez ici pour lire l&rsquo;article depuis sa source.<\/a><\/p>\n","protected":false},"excerpt":{"rendered":"<p>\u00ab D\u00e9nonciation du d\u00e9sordre que le Minader veut installer dans la fili\u00e8re tabac \u00e0 l\u2019Est, susceptible de cr\u00e9er des remous sociaux \u00bb.Tel est l\u2019objet d\u2019une correspondance adress\u00e9e au Ministre de l\u2019Agriculture et du d\u00e9veloppement rural (Minader), au mois de juin 2021 par un collectif des planteurs du tabac du d\u00e9partement de la Kadey \u00e0 l\u2019Est. [&hellip;]<\/p>\n","protected":false},"author":1969,"featured_media":0,"comment_status":"closed","ping_status":"closed","sticky":false,"template":"","format":"standard","meta":{"fifu_image_url":"","fifu_image_alt":"","footnotes":""},"categories":[82,78],"tags":[],"class_list":["post-122836","post","type-post","status-publish","format-standard","hentry","category-cameroun","category-economie"],"_links":{"self":[{"href":"https:\/\/linitiative.ca\/International\/wp-json\/wp\/v2\/posts\/122836","targetHints":{"allow":["GET"]}}],"collection":[{"href":"https:\/\/linitiative.ca\/International\/wp-json\/wp\/v2\/posts"}],"about":[{"href":"https:\/\/linitiative.ca\/International\/wp-json\/wp\/v2\/types\/post"}],"author":[{"embeddable":true,"href":"https:\/\/linitiative.ca\/International\/wp-json\/wp\/v2\/users\/1969"}],"replies":[{"embeddable":true,"href":"https:\/\/linitiative.ca\/International\/wp-json\/wp\/v2\/comments?post=122836"}],"version-history":[{"count":0,"href":"https:\/\/linitiative.ca\/International\/wp-json\/wp\/v2\/posts\/122836\/revisions"}],"wp:attachment":[{"href":"https:\/\/linitiative.ca\/International\/wp-json\/wp\/v2\/media?parent=122836"}],"wp:term":[{"taxonomy":"category","embeddable":true,"href":"https:\/\/linitiative.ca\/International\/wp-json\/wp\/v2\/categories?post=122836"},{"taxonomy":"post_tag","embeddable":true,"href":"https:\/\/linitiative.ca\/International\/wp-json\/wp\/v2\/tags?post=122836"}],"curies":[{"name":"wp","href":"https:\/\/api.w.org\/{rel}","templated":true}]}}