{"id":122837,"date":"2021-07-31T05:12:43","date_gmt":"2021-07-31T09:12:43","guid":{"rendered":"https:\/\/linitiative.ca\/International\/tout-le-monde-merite-un-excellent-manager-de-todd-davis-scott-miller-et-victoria-roos-olson\/"},"modified":"2021-07-31T05:12:43","modified_gmt":"2021-07-31T09:12:43","slug":"tout-le-monde-merite-un-excellent-manager-de-todd-davis-scott-miller-et-victoria-roos-olson","status":"publish","type":"post","link":"https:\/\/linitiative.ca\/International\/tout-le-monde-merite-un-excellent-manager-de-todd-davis-scott-miller-et-victoria-roos-olson\/","title":{"rendered":"Tout le monde m\u00e9rite un  excellent manager, de Todd Davis, Scott Miller et  Victoria Roos-Olson"},"content":{"rendered":"<div>\n<p><img decoding=\"async\" width=\"300\" height=\"153\" src=\"https:\/\/linitiative.ca\/International\/wp-content\/uploads\/sites\/23\/2021\/07\/Tout-le-monde-meCC81rite-un-excellent-manager-300x153-1.jpg\" class=\"attachment-medium size-medium wp-post-image\" alt=\"\" loading=\"lazy\" srcset=\"\/\/aujourdhui.ma\/wp-content\/uploads\/2021\/07\/Tout-le-monde-me\u0301rite-un-excellent-manager-300x153.jpg 300w, \/\/aujourdhui.ma\/wp-content\/uploads\/2021\/07\/Tout-le-monde-me\u0301rite-un-excellent-manager-274x140.jpg 274w, \/\/aujourdhui.ma\/wp-content\/uploads\/2021\/07\/Tout-le-monde-me\u0301rite-un-excellent-manager.jpg 746w, \/\/aujourdhui.ma\/wp-content\/uploads\/2021\/07\/Tout-le-monde-me\u0301rite-un-excellent-manager-165x84.jpg 165w, \/\/aujourdhui.ma\/wp-content\/uploads\/2021\/07\/Tout-le-monde-me\u0301rite-un-excellent-manager-702x358.jpg 702w\" sizes=\"auto, (max-width: 300px) 100vw, 300px\"><\/p>\n<p><span style=\"font-size: 20px; color: #800000;\"><strong>Dans cet ouvrage l\u2019auteur propose les cl\u00e9s pour devenir le manager de demain. Le lecteur peut d\u00e9couvrir comment d\u00e9velopper un \u00e9tat d\u2019esprit de leader au quotidien.<\/strong><\/span><span id=\"more-382626\"><\/span><\/p>\n<p>Driver son \u00e9quipe pour obtenir de vrais r\u00e9sultats, cr\u00e9er une culture du feedback \u00e0 travers une communication sans faille, manager son \u00e9quipe malgr\u00e9 les nombreux changements auxquels peut faire face l\u2019entreprise, g\u00e9rer son temps et son \u00e9nergie sont autant de crit\u00e8res qui d\u00e9finissent le leader. Scott Miller, vice-pr\u00e9sident de FranklinCovey, compagnie sp\u00e9cialis\u00e9e dans le leadership, a bien voulu d\u00e9mystifier les choses. Il anime \u00e9galement un podcast sur cette th\u00e9matique. Todd Davis est directeur des ressources humaines de la m\u00eame compagnie et conf\u00e9rencier. Victoria Roos Olsson est consultante leadership aupr\u00e8s de la m\u00eame soci\u00e9t\u00e9. Elle est \u00e9galement coach international en leadership, depuis 20 ans.<\/p>\n<p><strong>First (3 septembre 2020)<\/strong><\/p>\n<\/div>\n<p>Auteur: ALM<br \/>\n<a href=\"https:\/\/aujourdhui.ma\/emploi\/tout-le-monde-merite-un-excellent-manager-de-todd-davis-scott-miller-et-victoria-roos-olson\">Cliquez ici pour lire l&rsquo;article depuis sa source.<\/a><\/p>\n","protected":false},"excerpt":{"rendered":"<p>Dans cet ouvrage l\u2019auteur propose les cl\u00e9s pour devenir le manager de demain. Le lecteur peut d\u00e9couvrir comment d\u00e9velopper un \u00e9tat d\u2019esprit de leader au quotidien. Driver son \u00e9quipe pour obtenir de vrais r\u00e9sultats, cr\u00e9er une culture du feedback \u00e0 travers une communication sans faille, manager son \u00e9quipe malgr\u00e9 les nombreux changements auxquels peut faire [&hellip;]<\/p>\n","protected":false},"author":1759,"featured_media":0,"comment_status":"closed","ping_status":"closed","sticky":false,"template":"","format":"standard","meta":{"fifu_image_url":"https:\/\/aujourdhui.ma\/wp-content\/uploads\/2021\/07\/Tout-le-monde-me\u0301rite-un-excellent-manager-300x153.jpg","fifu_image_alt":"Tout le monde m\u00e9rite un  excellent manager, de Todd Davis, Scott Miller et  Victoria Roos-Olson","footnotes":""},"categories":[73,54],"tags":[],"class_list":["post-122837","post","type-post","status-publish","format-standard","hentry","category-actualite","category-maroc"],"_links":{"self":[{"href":"https:\/\/linitiative.ca\/International\/wp-json\/wp\/v2\/posts\/122837","targetHints":{"allow":["GET"]}}],"collection":[{"href":"https:\/\/linitiative.ca\/International\/wp-json\/wp\/v2\/posts"}],"about":[{"href":"https:\/\/linitiative.ca\/International\/wp-json\/wp\/v2\/types\/post"}],"author":[{"embeddable":true,"href":"https:\/\/linitiative.ca\/International\/wp-json\/wp\/v2\/users\/1759"}],"replies":[{"embeddable":true,"href":"https:\/\/linitiative.ca\/International\/wp-json\/wp\/v2\/comments?post=122837"}],"version-history":[{"count":0,"href":"https:\/\/linitiative.ca\/International\/wp-json\/wp\/v2\/posts\/122837\/revisions"}],"wp:attachment":[{"href":"https:\/\/linitiative.ca\/International\/wp-json\/wp\/v2\/media?parent=122837"}],"wp:term":[{"taxonomy":"category","embeddable":true,"href":"https:\/\/linitiative.ca\/International\/wp-json\/wp\/v2\/categories?post=122837"},{"taxonomy":"post_tag","embeddable":true,"href":"https:\/\/linitiative.ca\/International\/wp-json\/wp\/v2\/tags?post=122837"}],"curies":[{"name":"wp","href":"https:\/\/api.w.org\/{rel}","templated":true}]}}