{"id":122839,"date":"2021-07-31T05:15:00","date_gmt":"2021-07-31T09:15:00","guid":{"rendered":"https:\/\/linitiative.ca\/International\/en-partenariat-avec-maroc-pme-dakhla-lance-un-nouveau-programme-dappui-a-lauto-entrepreneur\/"},"modified":"2021-07-31T05:15:00","modified_gmt":"2021-07-31T09:15:00","slug":"en-partenariat-avec-maroc-pme-dakhla-lance-un-nouveau-programme-dappui-a-lauto-entrepreneur","status":"publish","type":"post","link":"https:\/\/linitiative.ca\/International\/en-partenariat-avec-maroc-pme-dakhla-lance-un-nouveau-programme-dappui-a-lauto-entrepreneur\/","title":{"rendered":"En partenariat avec Maroc PME : Dakhla lance un nouveau programme d\u2019appui  \u00e0 l\u2019auto-entrepreneur"},"content":{"rendered":"<div>\n<p><img decoding=\"async\" width=\"300\" height=\"153\" src=\"https:\/\/linitiative.ca\/International\/wp-content\/uploads\/sites\/23\/2021\/07\/Maroc-PME-Semaine-de-lentreprise-aCC80-Dakhla-300x153-1.jpg\" class=\"attachment-medium size-medium wp-post-image\" alt=\"\" loading=\"lazy\" srcset=\"\/\/aujourdhui.ma\/wp-content\/uploads\/2021\/07\/Maroc-PME-Semaine-de-lentreprise-a\u0300-Dakhla-300x153.jpg 300w, \/\/aujourdhui.ma\/wp-content\/uploads\/2021\/07\/Maroc-PME-Semaine-de-lentreprise-a\u0300-Dakhla-274x140.jpg 274w, \/\/aujourdhui.ma\/wp-content\/uploads\/2021\/07\/Maroc-PME-Semaine-de-lentreprise-a\u0300-Dakhla.jpg 746w, \/\/aujourdhui.ma\/wp-content\/uploads\/2021\/07\/Maroc-PME-Semaine-de-lentreprise-a\u0300-Dakhla-165x84.jpg 165w, \/\/aujourdhui.ma\/wp-content\/uploads\/2021\/07\/Maroc-PME-Semaine-de-lentreprise-a\u0300-Dakhla-702x358.jpg 702w\" sizes=\"auto, (max-width: 300px) 100vw, 300px\"><\/p>\n<p><span style=\"font-size: 20px; color: #800000;\"><strong>La r\u00e9gion de Dakhla lance un nouveau programme d\u2019appui \u00e0 l\u2019auto-entrepreneur dans la r\u00e9gion de Dakhla-Oued Eddahab.<\/strong><\/span><br \/>\n<span id=\"more-382909\"><\/span><\/p>\n<p>Suite \u00e0 une convention de partenariat entre l\u2019Agence nationale pour la promotion de la petite et moyenne entreprise (Maroc PME) et le Conseil de la R\u00e9gion de Dakhla-Oued Eddahab relative au d\u00e9veloppement et la promotion de l\u2019\u00e9cosyst\u00e8me entrepreneurial dans la r\u00e9gion de Dakhla-Oued Eddahab, le Conseil de la r\u00e9gion de Dakhla-Oued Eddahab lance un nouveau programme d\u2019appui \u00e0 l\u2019auto-entrepreneur dans la r\u00e9gion.<br \/>\nSelon ce dernier, \u00abl\u2019entrepreneuriat est d\u00e9sormais reconnu comme une solution fondamentale aux d\u00e9fis sociaux qui s\u2019encha\u00eenent, aux mutations \u00e9conomiques incessantes, et \u00e0 l\u2019augmentation inqui\u00e9tante du taux de ch\u00f4mage, essentiellement aupr\u00e8s des jeunes dipl\u00f4m\u00e9s. En effet, un peu partout dans le monde la promotion de l\u2019entrepreneuriat est l\u2019une des voies susceptibles de dynamiser la croissance \u00e9conomique, d\u2019att\u00e9nuer le ph\u00e9nom\u00e8ne de ch\u00f4mage, de r\u00e9duire les taux de pauvret\u00e9 et d\u2019exclusion sociale, et de favoriser la multiplication des innovations am\u00e9liorant le climat social dans un pays\u00bb.<br \/>\nEt de poursuivre que \u00abconscient de l\u2019importance que rev\u00eat l\u2019entrepreneuriat innovant dans la dynamisation de la croissance \u00e9conomique et du d\u00e9veloppement social, le Maroc a entrepris plusieurs actions dans diff\u00e9rents domaines afin de promouvoir l\u2019esprit d\u2019entrepreneuriat.<\/p>\n<p>D\u2019un autre c\u00f4t\u00e9, l\u2019\u00e9conomie marocaine a \u00e9t\u00e9 marqu\u00e9e au cours des derni\u00e8res ann\u00e9es par la stabilit\u00e9 de ses fondamentaux macro\u00e9conomiques et la mise en place de strat\u00e9gies sectorielles ambitieuses, initi\u00e9es sous la conduite \u00e9clair\u00e9e de Sa Majest\u00e9, et g\u00e9n\u00e9ratrices d\u2019emplois et de richesses\u00bb .<br \/>\nAinsi, ce nouveau programme a pour objectifs l\u2019identification des segments de b\u00e9n\u00e9ficiaires et l\u2019ad\u00e9quation de leurs attentes avec les fili\u00e8res et opportunit\u00e9s d\u2019auto-entrepreneuriat dans la r\u00e9gion de Dakhla-Oued Eddahab, la mise en place d\u2019un \u00e9cosyst\u00e8me de partenaires pour renforcer les conditions d\u2019\u00e9mergence et de r\u00e9silience des auto-entrepreneurs, la mise en \u0153uvre des programmes d\u2019accompagnement au profit des auto-entrepreneurs, le renforcement des capacit\u00e9s entrepreneuriales, de gestion financi\u00e8re et techniques des porteurs de projets \u00e9ligibles au statut de l\u2019auto-entrepreneur et des auto-entrepreneurs, et la mise en \u0153uvre de dispositifs de suivi des b\u00e9n\u00e9ficiaires et de leur autonomisation.<br \/>\nAinsi, les personnes vis\u00e9es par ce programme b\u00e9n\u00e9ficieront d\u2019un accompagnement post-investissement pour la croissance et le d\u00e9veloppement de l\u2019activit\u00e9 des auto-entrepreneurs sur la base de th\u00e9matiques de management de l\u2019activit\u00e9, \u00e0 titre d\u2019exemple : comp\u00e9tences manag\u00e9riales et entrepreneuriales, initiation \u00e0 la comptabilit\u00e9 et \u00e0 la gestion financi\u00e8re, acc\u00e8s au march\u00e9 et marketing, initiation aux outils digitaux, et d\u2019autres \u00e0 d\u00e9finir en fonction des besoins identifi\u00e9s aupr\u00e8s des auto-entrepreneurs.<\/p>\n<p>\u00a0<\/p>\n<\/div>\n<p>Auteur: Mohamed Laabid<br \/>\n<a href=\"https:\/\/aujourdhui.ma\/economie\/en-partenariat-avec-maroc-pme-dakhla-lance-un-nouveau-programme-dappui-a-lauto-entrepreneur\">Cliquez ici pour lire l&rsquo;article depuis sa source.<\/a><\/p>\n","protected":false},"excerpt":{"rendered":"<p>La r\u00e9gion de Dakhla lance un nouveau programme d\u2019appui \u00e0 l\u2019auto-entrepreneur dans la r\u00e9gion de Dakhla-Oued Eddahab. Suite \u00e0 une convention de partenariat entre l\u2019Agence nationale pour la promotion de la petite et moyenne entreprise (Maroc PME) et le Conseil de la R\u00e9gion de Dakhla-Oued Eddahab relative au d\u00e9veloppement et la promotion de l\u2019\u00e9cosyst\u00e8me entrepreneurial [&hellip;]<\/p>\n","protected":false},"author":1759,"featured_media":0,"comment_status":"closed","ping_status":"closed","sticky":false,"template":"","format":"standard","meta":{"fifu_image_url":"https:\/\/aujourdhui.ma\/wp-content\/uploads\/2021\/07\/Maroc-PME-Semaine-de-lentreprise-a\u0300-Dakhla-300x153.jpg","fifu_image_alt":"En partenariat avec Maroc PME : Dakhla lance un nouveau programme d\u2019appui  \u00e0 l\u2019auto-entrepreneur","footnotes":""},"categories":[73,54],"tags":[],"class_list":["post-122839","post","type-post","status-publish","format-standard","hentry","category-actualite","category-maroc"],"_links":{"self":[{"href":"https:\/\/linitiative.ca\/International\/wp-json\/wp\/v2\/posts\/122839","targetHints":{"allow":["GET"]}}],"collection":[{"href":"https:\/\/linitiative.ca\/International\/wp-json\/wp\/v2\/posts"}],"about":[{"href":"https:\/\/linitiative.ca\/International\/wp-json\/wp\/v2\/types\/post"}],"author":[{"embeddable":true,"href":"https:\/\/linitiative.ca\/International\/wp-json\/wp\/v2\/users\/1759"}],"replies":[{"embeddable":true,"href":"https:\/\/linitiative.ca\/International\/wp-json\/wp\/v2\/comments?post=122839"}],"version-history":[{"count":0,"href":"https:\/\/linitiative.ca\/International\/wp-json\/wp\/v2\/posts\/122839\/revisions"}],"wp:attachment":[{"href":"https:\/\/linitiative.ca\/International\/wp-json\/wp\/v2\/media?parent=122839"}],"wp:term":[{"taxonomy":"category","embeddable":true,"href":"https:\/\/linitiative.ca\/International\/wp-json\/wp\/v2\/categories?post=122839"},{"taxonomy":"post_tag","embeddable":true,"href":"https:\/\/linitiative.ca\/International\/wp-json\/wp\/v2\/tags?post=122839"}],"curies":[{"name":"wp","href":"https:\/\/api.w.org\/{rel}","templated":true}]}}