{"id":122841,"date":"2021-07-31T05:30:41","date_gmt":"2021-07-31T09:30:41","guid":{"rendered":"https:\/\/linitiative.ca\/International\/espoirs-contraries-exposition-collective-en-aout-a-la-ville-ocre\/"},"modified":"2021-07-31T05:30:41","modified_gmt":"2021-07-31T09:30:41","slug":"espoirs-contraries-exposition-collective-en-aout-a-la-ville-ocre","status":"publish","type":"post","link":"https:\/\/linitiative.ca\/International\/espoirs-contraries-exposition-collective-en-aout-a-la-ville-ocre\/","title":{"rendered":"\u00abEspoirs contrari\u00e9s\u00bb : Exposition collective en ao\u00fbt \u00e0 la ville ocre"},"content":{"rendered":"<div>\n<p><img decoding=\"async\" width=\"300\" height=\"153\" src=\"https:\/\/linitiative.ca\/International\/wp-content\/uploads\/sites\/23\/2021\/07\/exposition-covid-300x153-1.jpg\" class=\"attachment-medium size-medium wp-post-image\" alt=\"\" loading=\"lazy\" srcset=\"\/\/aujourdhui.ma\/wp-content\/uploads\/2021\/07\/exposition-covid-300x153.jpg 300w, \/\/aujourdhui.ma\/wp-content\/uploads\/2021\/07\/exposition-covid-274x140.jpg 274w, \/\/aujourdhui.ma\/wp-content\/uploads\/2021\/07\/exposition-covid.jpg 746w, \/\/aujourdhui.ma\/wp-content\/uploads\/2021\/07\/exposition-covid-165x84.jpg 165w, \/\/aujourdhui.ma\/wp-content\/uploads\/2021\/07\/exposition-covid-702x358.jpg 702w\" sizes=\"auto, (max-width: 300px) 100vw, 300px\"><\/p>\n<p><span style=\"font-size: 20px; color: #800000;\"><strong>Une exposition artistique r\u00e9unissant six artistes, dont 5 Marocains et un Fran\u00e7ais, sera organis\u00e9e \u00e0 Marrakech du 1er au 15 ao\u00fbt prochain sous le th\u00e8me \u00ab Espoirs contrari\u00e9s\u00bb<\/strong><\/span>.<span id=\"more-382935\"><\/span><\/p>\n<p>Visible aux cimaises de Dar Zagora, espace d\u2019exposition et r\u00e9sidence d\u2019artistes, cette exposition r\u00e9unit des artistes d\u2019horizons et concepts diff\u00e9rents et fait pr\u00e9valoir la diversit\u00e9 des styles et la qualit\u00e9 ma\u00eetris\u00e9e de la cr\u00e9ation. Il s\u2019agit d\u2019Ahmed Haizoune, Ahmed Ben Ismael, Abdelghani Chalal et Houcine Ilan, 4 artistes vivant et travaillant \u00e0 Marrakech, Jean-Michel Bouqueton, qui vit et travaille \u00e0 Tahanout, ainsi que Othmane Benchaalal qui vit et travaille \u00e0 Aix-en-Provence. Ahmed Haizoune est laur\u00e9at de l\u2019\u00e9cole des Beaux-arts de T\u00e9touan avant de partir en Italie afin de perfectionner sa formation.<\/p>\n<p>Originaire d\u2019Oulm\u00e8s dans le Moyen Atlas d\u2019une famille qui adopte et \u00e9l\u00e8ve des chevaux, cet artiste commence tr\u00e8s t\u00f4t \u00e0 dessiner cette noble monture. De son c\u00f4t\u00e9, Ahmed Ben Ismael est \u00e0 la fois peintre et photographe. Pour sa part, Abdelghani Chalal a toujours \u00e9t\u00e9 porteur du d\u00e9sir de peindre, dans un milieu familial empreint de culture, o\u00f9 le p\u00e8re s\u2019adonnait d\u00e9j\u00e0 \u00e0 la peinture. D\u00e8s ses d\u00e9buts en amateur, il fr\u00e9quenta Hariri, Aatallah ou encore Mohammed Kheireddine. Chalal se consacre enti\u00e8rement \u00e0 la peinture \u00e0 partir des ann\u00e9es 1990. Ses derni\u00e8res cr\u00e9ations se caract\u00e9risent par une alliance intelligente de la tradition \u00e0 la modernit\u00e9.<br \/>\nLes pr\u00e9occupations socioculturelles de l\u2019artiste Houcine Ilan, de par sa formation universitaire, l\u2019ont naturellement orient\u00e9 vers la conception d\u2019une approche picturale sp\u00e9cifique.<\/p>\n<p>\u00a0<\/p>\n<\/div>\n<p>Auteur: ALM<br \/>\n<a href=\"https:\/\/aujourdhui.ma\/culture\/espoirs-contraries-exposition-collective-en-aout-a-la-ville-ocre\">Cliquez ici pour lire l&rsquo;article depuis sa source.<\/a><\/p>\n","protected":false},"excerpt":{"rendered":"<p>Une exposition artistique r\u00e9unissant six artistes, dont 5 Marocains et un Fran\u00e7ais, sera organis\u00e9e \u00e0 Marrakech du 1er au 15 ao\u00fbt prochain sous le th\u00e8me \u00ab Espoirs contrari\u00e9s\u00bb. Visible aux cimaises de Dar Zagora, espace d\u2019exposition et r\u00e9sidence d\u2019artistes, cette exposition r\u00e9unit des artistes d\u2019horizons et concepts diff\u00e9rents et fait pr\u00e9valoir la diversit\u00e9 des styles [&hellip;]<\/p>\n","protected":false},"author":1759,"featured_media":0,"comment_status":"closed","ping_status":"closed","sticky":false,"template":"","format":"standard","meta":{"fifu_image_url":"https:\/\/aujourdhui.ma\/wp-content\/uploads\/2021\/07\/exposition-covid-300x153.jpg","fifu_image_alt":"\u00abEspoirs contrari\u00e9s\u00bb : Exposition collective en ao\u00fbt \u00e0 la ville ocre","footnotes":""},"categories":[73,54],"tags":[],"class_list":["post-122841","post","type-post","status-publish","format-standard","hentry","category-actualite","category-maroc"],"_links":{"self":[{"href":"https:\/\/linitiative.ca\/International\/wp-json\/wp\/v2\/posts\/122841","targetHints":{"allow":["GET"]}}],"collection":[{"href":"https:\/\/linitiative.ca\/International\/wp-json\/wp\/v2\/posts"}],"about":[{"href":"https:\/\/linitiative.ca\/International\/wp-json\/wp\/v2\/types\/post"}],"author":[{"embeddable":true,"href":"https:\/\/linitiative.ca\/International\/wp-json\/wp\/v2\/users\/1759"}],"replies":[{"embeddable":true,"href":"https:\/\/linitiative.ca\/International\/wp-json\/wp\/v2\/comments?post=122841"}],"version-history":[{"count":0,"href":"https:\/\/linitiative.ca\/International\/wp-json\/wp\/v2\/posts\/122841\/revisions"}],"wp:attachment":[{"href":"https:\/\/linitiative.ca\/International\/wp-json\/wp\/v2\/media?parent=122841"}],"wp:term":[{"taxonomy":"category","embeddable":true,"href":"https:\/\/linitiative.ca\/International\/wp-json\/wp\/v2\/categories?post=122841"},{"taxonomy":"post_tag","embeddable":true,"href":"https:\/\/linitiative.ca\/International\/wp-json\/wp\/v2\/tags?post=122841"}],"curies":[{"name":"wp","href":"https:\/\/api.w.org\/{rel}","templated":true}]}}