{"id":122845,"date":"2021-07-31T10:00:56","date_gmt":"2021-07-31T14:00:56","guid":{"rendered":"https:\/\/linitiative.ca\/International\/une-ecole-de-lart-du-conteur-ouvre-ses-portes-a-marrakech\/"},"modified":"2021-07-31T10:00:56","modified_gmt":"2021-07-31T14:00:56","slug":"une-ecole-de-lart-du-conteur-ouvre-ses-portes-a-marrakech","status":"publish","type":"post","link":"https:\/\/linitiative.ca\/International\/une-ecole-de-lart-du-conteur-ouvre-ses-portes-a-marrakech\/","title":{"rendered":"Une \u00e9cole de l\u2019Art du Conteur ouvre ses portes \u00e0 Marrakech"},"content":{"rendered":"<div>\n<p><img decoding=\"async\" width=\"300\" height=\"153\" src=\"https:\/\/linitiative.ca\/International\/wp-content\/uploads\/sites\/23\/2021\/07\/Marrakech-300x153-1.jpg\" class=\"attachment-medium size-medium wp-post-image\" alt=\"\" loading=\"lazy\" srcset=\"\/\/aujourdhui.ma\/wp-content\/uploads\/2020\/10\/Marrakech-300x153.jpg 300w, \/\/aujourdhui.ma\/wp-content\/uploads\/2020\/10\/Marrakech-274x140.jpg 274w, \/\/aujourdhui.ma\/wp-content\/uploads\/2020\/10\/Marrakech.jpg 746w, \/\/aujourdhui.ma\/wp-content\/uploads\/2020\/10\/Marrakech-165x84.jpg 165w, \/\/aujourdhui.ma\/wp-content\/uploads\/2020\/10\/Marrakech-702x358.jpg 702w\" sizes=\"auto, (max-width: 300px) 100vw, 300px\"><\/p>\n<p><span style=\"color: #800000;\"><strong>La sc\u00e8ne culturelle sera renforc\u00e9e par l\u2019ouverture prochaine d\u2019une \u00ab\u00e9cole de l\u2019Art du Conteur\u00bb \u00e0 la ville ocre qui a pour ambition de former une nouvelle g\u00e9n\u00e9ration de \u00abhlaiqis conteurs\u00bb.<\/strong><\/span><span id=\"more-382911\"><\/span><\/p>\n<p>Ce projet ambitieux port\u00e9 par l\u2019association Al Muniya de Marrakech ainsi que par des intellectuels et artistes engag\u00e9s en faveur de la pr\u00e9servation du patrimoine de leur ville, s\u2019inscrit en droite ligne de la vision royale visant la pr\u00e9servation du patrimoine national mat\u00e9riel et immat\u00e9riel en g\u00e9n\u00e9ral et celui de la cit\u00e9 ocre en particulier.<\/p>\n<p>Cette \u00e9cole donnera des cours en art du conteur et de la halqa, calligraphie arabe, histoire, litt\u00e9rature et soufisme, langue et litt\u00e9rature arabe, et arts du th\u00e9\u00e2tre. Selon l\u2019association, le cours d\u2019apprentissage de l\u2019art du conteur et de la Halqa sera dirig\u00e9 par le c\u00e9l\u00e8bre conteur de la Place Jemaa El Fna, Abderahim Azalia, alors que celui de la calligraphie arabe sera propos\u00e9 par le ma\u00eetre calligraphe Abdelghani Ouida. Le cours d\u2019apprentissage consacr\u00e9 \u00e0 l\u2019histoire, \u00e0 la litt\u00e9rature et au soufisme sera dirig\u00e9 par le chercheur et sp\u00e9cialiste du soufisme et directeur du Bulletin du patrimoine de Marrakech et de sa r\u00e9gion, Jaafar Kansoussi, alors que celui de la langue et litt\u00e9rature arabe sera confi\u00e9 \u00e0 Mohammed Ait Laamim, enseignant \u00e0 l\u2019universit\u00e9 Cadi Ayyad.<\/p>\n<\/div>\n<p>Auteur: ALM<br \/>\n<a href=\"https:\/\/aujourdhui.ma\/culture\/une-ecole-de-lart-du-conteur-ouvre-ses-portes-a-marrakech\">Cliquez ici pour lire l&rsquo;article depuis sa source.<\/a><\/p>\n","protected":false},"excerpt":{"rendered":"<p>La sc\u00e8ne culturelle sera renforc\u00e9e par l\u2019ouverture prochaine d\u2019une \u00ab\u00e9cole de l\u2019Art du Conteur\u00bb \u00e0 la ville ocre qui a pour ambition de former une nouvelle g\u00e9n\u00e9ration de \u00abhlaiqis conteurs\u00bb. Ce projet ambitieux port\u00e9 par l\u2019association Al Muniya de Marrakech ainsi que par des intellectuels et artistes engag\u00e9s en faveur de la pr\u00e9servation du patrimoine [&hellip;]<\/p>\n","protected":false},"author":1759,"featured_media":0,"comment_status":"closed","ping_status":"closed","sticky":false,"template":"","format":"standard","meta":{"fifu_image_url":"https:\/\/aujourdhui.ma\/wp-content\/uploads\/2020\/10\/Marrakech-300x153.jpg","fifu_image_alt":"Une \u00e9cole de l\u2019Art du Conteur ouvre ses portes \u00e0 Marrakech","footnotes":""},"categories":[73,54],"tags":[],"class_list":["post-122845","post","type-post","status-publish","format-standard","hentry","category-actualite","category-maroc"],"_links":{"self":[{"href":"https:\/\/linitiative.ca\/International\/wp-json\/wp\/v2\/posts\/122845","targetHints":{"allow":["GET"]}}],"collection":[{"href":"https:\/\/linitiative.ca\/International\/wp-json\/wp\/v2\/posts"}],"about":[{"href":"https:\/\/linitiative.ca\/International\/wp-json\/wp\/v2\/types\/post"}],"author":[{"embeddable":true,"href":"https:\/\/linitiative.ca\/International\/wp-json\/wp\/v2\/users\/1759"}],"replies":[{"embeddable":true,"href":"https:\/\/linitiative.ca\/International\/wp-json\/wp\/v2\/comments?post=122845"}],"version-history":[{"count":0,"href":"https:\/\/linitiative.ca\/International\/wp-json\/wp\/v2\/posts\/122845\/revisions"}],"wp:attachment":[{"href":"https:\/\/linitiative.ca\/International\/wp-json\/wp\/v2\/media?parent=122845"}],"wp:term":[{"taxonomy":"category","embeddable":true,"href":"https:\/\/linitiative.ca\/International\/wp-json\/wp\/v2\/categories?post=122845"},{"taxonomy":"post_tag","embeddable":true,"href":"https:\/\/linitiative.ca\/International\/wp-json\/wp\/v2\/tags?post=122845"}],"curies":[{"name":"wp","href":"https:\/\/api.w.org\/{rel}","templated":true}]}}