{"id":122847,"date":"2021-07-31T07:05:00","date_gmt":"2021-07-31T11:05:00","guid":{"rendered":"https:\/\/linitiative.ca\/International\/retrait-daccreditation-a-la-chaine-de-television-el-arabiya-en-algerie\/"},"modified":"2021-07-31T07:05:00","modified_gmt":"2021-07-31T11:05:00","slug":"retrait-daccreditation-a-la-chaine-de-television-el-arabiya-en-algerie","status":"publish","type":"post","link":"https:\/\/linitiative.ca\/International\/retrait-daccreditation-a-la-chaine-de-television-el-arabiya-en-algerie\/","title":{"rendered":"Retrait d&rsquo;accr\u00e9ditation \u00e0 la chaine de T\u00e9l\u00e9vision El-Arabiya en Alg\u00e9rie"},"content":{"rendered":"<div>La cha\u00eene de t\u00e9l\u00e9vision d&rsquo;information arabe \u00ab\u00a0El Arabiya\u00a0\u00bb s\u2019est vu retirer, ce samedi, son accr\u00e9ditation \u00e0 Alger, sur d\u00e9cision du minist\u00e8re de la communication.<\/div>\n<p>Auteur:<br \/>\n<a href=\"https:\/\/www.liberte-algerie.com\/actualite\/retrait-daccreditation-a-la-chaine-de-television-el-arabiya-en-algerie-362653\">Cliquez ici pour lire l&rsquo;article depuis sa source.<\/a><\/p>\n","protected":false},"excerpt":{"rendered":"<p>La cha\u00eene de t\u00e9l\u00e9vision d&rsquo;information arabe \u00ab\u00a0El Arabiya\u00a0\u00bb s\u2019est vu retirer, ce samedi, son accr\u00e9ditation \u00e0 Alger, sur d\u00e9cision du minist\u00e8re de la communication. Auteur: Cliquez ici pour lire l&rsquo;article depuis sa source.<\/p>\n","protected":false},"author":1742,"featured_media":0,"comment_status":"closed","ping_status":"closed","sticky":false,"template":"","format":"standard","meta":{"fifu_image_url":"","fifu_image_alt":"","footnotes":""},"categories":[73,53],"tags":[],"class_list":["post-122847","post","type-post","status-publish","format-standard","hentry","category-actualite","category-algerie"],"_links":{"self":[{"href":"https:\/\/linitiative.ca\/International\/wp-json\/wp\/v2\/posts\/122847","targetHints":{"allow":["GET"]}}],"collection":[{"href":"https:\/\/linitiative.ca\/International\/wp-json\/wp\/v2\/posts"}],"about":[{"href":"https:\/\/linitiative.ca\/International\/wp-json\/wp\/v2\/types\/post"}],"author":[{"embeddable":true,"href":"https:\/\/linitiative.ca\/International\/wp-json\/wp\/v2\/users\/1742"}],"replies":[{"embeddable":true,"href":"https:\/\/linitiative.ca\/International\/wp-json\/wp\/v2\/comments?post=122847"}],"version-history":[{"count":0,"href":"https:\/\/linitiative.ca\/International\/wp-json\/wp\/v2\/posts\/122847\/revisions"}],"wp:attachment":[{"href":"https:\/\/linitiative.ca\/International\/wp-json\/wp\/v2\/media?parent=122847"}],"wp:term":[{"taxonomy":"category","embeddable":true,"href":"https:\/\/linitiative.ca\/International\/wp-json\/wp\/v2\/categories?post=122847"},{"taxonomy":"post_tag","embeddable":true,"href":"https:\/\/linitiative.ca\/International\/wp-json\/wp\/v2\/tags?post=122847"}],"curies":[{"name":"wp","href":"https:\/\/api.w.org\/{rel}","templated":true}]}}