{"id":122848,"date":"2021-07-31T08:44:00","date_gmt":"2021-07-31T12:44:00","guid":{"rendered":"https:\/\/linitiative.ca\/International\/secousse-tellurique-a-tipasa-aucune-perte-humaine-ou-materielle-enregistree\/"},"modified":"2021-07-31T08:44:00","modified_gmt":"2021-07-31T12:44:00","slug":"secousse-tellurique-a-tipasa-aucune-perte-humaine-ou-materielle-enregistree","status":"publish","type":"post","link":"https:\/\/linitiative.ca\/International\/secousse-tellurique-a-tipasa-aucune-perte-humaine-ou-materielle-enregistree\/","title":{"rendered":"Secousse tellurique \u00e0 Tipasa: aucune perte humaine ou mat\u00e9rielle enregistr\u00e9e"},"content":{"rendered":"<div>Les services de la Protection civile de la wilaya de Tipasa ont affirm\u00e9 n&rsquo;avoir enregistr\u00e9 aucune perte mat\u00e9rielle ou humaine, suite \u00e0 la secousse tellurique de magnitude 4,5 sur l`\u00e9chelle de Richter, survenue  aux premi\u00e8res heures de ce samedi.<\/div>\n<p>Auteur:<br \/>\n<a href=\"https:\/\/www.liberte-algerie.com\/actualite\/secousse-tellurique-a-tipasa-aucune-perte-humaine-ou-materielle-enregistree-362654\">Cliquez ici pour lire l&rsquo;article depuis sa source.<\/a><\/p>\n","protected":false},"excerpt":{"rendered":"<p>Les services de la Protection civile de la wilaya de Tipasa ont affirm\u00e9 n&rsquo;avoir enregistr\u00e9 aucune perte mat\u00e9rielle ou humaine, suite \u00e0 la secousse tellurique de magnitude 4,5 sur l`\u00e9chelle de Richter, survenue aux premi\u00e8res heures de ce samedi. Auteur: Cliquez ici pour lire l&rsquo;article depuis sa source.<\/p>\n","protected":false},"author":1742,"featured_media":0,"comment_status":"closed","ping_status":"closed","sticky":false,"template":"","format":"standard","meta":{"fifu_image_url":"","fifu_image_alt":"","footnotes":""},"categories":[73,53],"tags":[],"class_list":["post-122848","post","type-post","status-publish","format-standard","hentry","category-actualite","category-algerie"],"_links":{"self":[{"href":"https:\/\/linitiative.ca\/International\/wp-json\/wp\/v2\/posts\/122848","targetHints":{"allow":["GET"]}}],"collection":[{"href":"https:\/\/linitiative.ca\/International\/wp-json\/wp\/v2\/posts"}],"about":[{"href":"https:\/\/linitiative.ca\/International\/wp-json\/wp\/v2\/types\/post"}],"author":[{"embeddable":true,"href":"https:\/\/linitiative.ca\/International\/wp-json\/wp\/v2\/users\/1742"}],"replies":[{"embeddable":true,"href":"https:\/\/linitiative.ca\/International\/wp-json\/wp\/v2\/comments?post=122848"}],"version-history":[{"count":0,"href":"https:\/\/linitiative.ca\/International\/wp-json\/wp\/v2\/posts\/122848\/revisions"}],"wp:attachment":[{"href":"https:\/\/linitiative.ca\/International\/wp-json\/wp\/v2\/media?parent=122848"}],"wp:term":[{"taxonomy":"category","embeddable":true,"href":"https:\/\/linitiative.ca\/International\/wp-json\/wp\/v2\/categories?post=122848"},{"taxonomy":"post_tag","embeddable":true,"href":"https:\/\/linitiative.ca\/International\/wp-json\/wp\/v2\/tags?post=122848"}],"curies":[{"name":"wp","href":"https:\/\/api.w.org\/{rel}","templated":true}]}}