{"id":122853,"date":"2021-07-31T14:23:04","date_gmt":"2021-07-31T18:23:04","guid":{"rendered":"https:\/\/linitiative.ca\/International\/le-roi-mohammed-vi-recoit-wali-bank-al-maghrib\/"},"modified":"2021-07-31T14:23:04","modified_gmt":"2021-07-31T18:23:04","slug":"le-roi-mohammed-vi-recoit-wali-bank-al-maghrib","status":"publish","type":"post","link":"https:\/\/linitiative.ca\/International\/le-roi-mohammed-vi-recoit-wali-bank-al-maghrib\/","title":{"rendered":"Le Roi Mohammed VI re\u00e7oit Wali Bank Al-Maghrib"},"content":{"rendered":"<div>\n<div class=\"field field-name-body field-type-text-with-summary field-label-hidden\">\n<div class=\"field-items\">\n<div class=\"field-item even\" property=\"content:encoded\">\n<p class=\"rtejustify\">Sa Majest\u00e9 le Roi Mohammed VI, que Dieu L&rsquo;assiste, a re\u00e7u, samedi au Palais Royal de F\u00e8s, M. Abdellatif Jouahri, Wali Bank Al-Maghrib, qui a pr\u00e9sent\u00e9 au Souverain le rapport annuel de la Banque Centrale sur la situation \u00e9conomique, mon\u00e9taire et financi\u00e8re au titre de l&rsquo;exercice 2020.<\/p>\n<\/div>\n<\/div>\n<\/div>\n<\/div>\n<p>Auteur: mbasraoui<br \/>\n<a href=\"https:\/\/www.leconomiste.com\/flash-infos\/le-roi-mohammed-vi-recoit-wali-bank-al-maghrib\">Cliquez ici pour lire l&rsquo;article depuis sa source.<\/a><\/p>\n","protected":false},"excerpt":{"rendered":"<p>Sa Majest\u00e9 le Roi Mohammed VI, que Dieu L&rsquo;assiste, a re\u00e7u, samedi au Palais Royal de F\u00e8s, M. Abdellatif Jouahri, Wali Bank Al-Maghrib, qui a pr\u00e9sent\u00e9 au Souverain le rapport annuel de la Banque Centrale sur la situation \u00e9conomique, mon\u00e9taire et financi\u00e8re au titre de l&rsquo;exercice 2020. Auteur: mbasraoui Cliquez ici pour lire l&rsquo;article depuis [&hellip;]<\/p>\n","protected":false},"author":1763,"featured_media":0,"comment_status":"closed","ping_status":"closed","sticky":false,"template":"","format":"standard","meta":{"fifu_image_url":"","fifu_image_alt":"","footnotes":""},"categories":[78,54],"tags":[],"class_list":["post-122853","post","type-post","status-publish","format-standard","hentry","category-economie","category-maroc"],"_links":{"self":[{"href":"https:\/\/linitiative.ca\/International\/wp-json\/wp\/v2\/posts\/122853","targetHints":{"allow":["GET"]}}],"collection":[{"href":"https:\/\/linitiative.ca\/International\/wp-json\/wp\/v2\/posts"}],"about":[{"href":"https:\/\/linitiative.ca\/International\/wp-json\/wp\/v2\/types\/post"}],"author":[{"embeddable":true,"href":"https:\/\/linitiative.ca\/International\/wp-json\/wp\/v2\/users\/1763"}],"replies":[{"embeddable":true,"href":"https:\/\/linitiative.ca\/International\/wp-json\/wp\/v2\/comments?post=122853"}],"version-history":[{"count":0,"href":"https:\/\/linitiative.ca\/International\/wp-json\/wp\/v2\/posts\/122853\/revisions"}],"wp:attachment":[{"href":"https:\/\/linitiative.ca\/International\/wp-json\/wp\/v2\/media?parent=122853"}],"wp:term":[{"taxonomy":"category","embeddable":true,"href":"https:\/\/linitiative.ca\/International\/wp-json\/wp\/v2\/categories?post=122853"},{"taxonomy":"post_tag","embeddable":true,"href":"https:\/\/linitiative.ca\/International\/wp-json\/wp\/v2\/tags?post=122853"}],"curies":[{"name":"wp","href":"https:\/\/api.w.org\/{rel}","templated":true}]}}