{"id":122855,"date":"2021-07-31T09:05:00","date_gmt":"2021-07-31T13:05:00","guid":{"rendered":"https:\/\/linitiative.ca\/International\/le-milan-ac-annonce-la-positivite-de-bennacer-au-covid-19\/"},"modified":"2021-07-31T09:05:00","modified_gmt":"2021-07-31T13:05:00","slug":"le-milan-ac-annonce-la-positivite-de-bennacer-au-covid-19","status":"publish","type":"post","link":"https:\/\/linitiative.ca\/International\/le-milan-ac-annonce-la-positivite-de-bennacer-au-covid-19\/","title":{"rendered":"Le Milan AC annonce la positivit\u00e9 de Bennacer au COVID-19"},"content":{"rendered":"<div>Bennacer aurait \u00e9t\u00e9 test\u00e9 positif au coronavirus lors d&rsquo;un pr\u00e9l\u00e8vement effectu\u00e9 \u00e0 son domicile cette semaine&#8230;<img loading=\"lazy\" decoding=\"async\" src=\"http:\/\/feeds.feedburner.com\/~r\/GalerieFArtciles\/~4\/K_FQTpYcK0g\" height=\"1\" width=\"1\" alt=\"\"><\/div>\n<p>Auteur:<br \/>\n<a href=\"http:\/\/www.lebuteur.com\/article\/detail?titre=le-milan-ac-annonce-la-positivite-de-bennacer-au-covid-19&#038;id=100734&#038;utm_source=feedburner&#038;utm_medium=feed&#038;utm_campaign=Feed%3A+GalerieFArtciles+%28Les+derniers+articles++-+lebuteur.com%29\">Cliquez ici pour lire l&rsquo;article depuis sa source.<\/a><\/p>\n","protected":false},"excerpt":{"rendered":"<p>Bennacer aurait \u00e9t\u00e9 test\u00e9 positif au coronavirus lors d&rsquo;un pr\u00e9l\u00e8vement effectu\u00e9 \u00e0 son domicile cette semaine&#8230; Auteur: Cliquez ici pour lire l&rsquo;article depuis sa source.<\/p>\n","protected":false},"author":1738,"featured_media":0,"comment_status":"closed","ping_status":"closed","sticky":false,"template":"","format":"standard","meta":{"fifu_image_url":"http:\/\/feeds.feedburner.com\/~r\/GalerieFArtciles\/~4\/K_FQTpYcK0g","fifu_image_alt":"Le Milan AC annonce la positivit\u00e9 de Bennacer au COVID-19","footnotes":""},"categories":[53,75],"tags":[],"class_list":["post-122855","post","type-post","status-publish","format-standard","hentry","category-algerie","category-sport"],"_links":{"self":[{"href":"https:\/\/linitiative.ca\/International\/wp-json\/wp\/v2\/posts\/122855","targetHints":{"allow":["GET"]}}],"collection":[{"href":"https:\/\/linitiative.ca\/International\/wp-json\/wp\/v2\/posts"}],"about":[{"href":"https:\/\/linitiative.ca\/International\/wp-json\/wp\/v2\/types\/post"}],"author":[{"embeddable":true,"href":"https:\/\/linitiative.ca\/International\/wp-json\/wp\/v2\/users\/1738"}],"replies":[{"embeddable":true,"href":"https:\/\/linitiative.ca\/International\/wp-json\/wp\/v2\/comments?post=122855"}],"version-history":[{"count":0,"href":"https:\/\/linitiative.ca\/International\/wp-json\/wp\/v2\/posts\/122855\/revisions"}],"wp:attachment":[{"href":"https:\/\/linitiative.ca\/International\/wp-json\/wp\/v2\/media?parent=122855"}],"wp:term":[{"taxonomy":"category","embeddable":true,"href":"https:\/\/linitiative.ca\/International\/wp-json\/wp\/v2\/categories?post=122855"},{"taxonomy":"post_tag","embeddable":true,"href":"https:\/\/linitiative.ca\/International\/wp-json\/wp\/v2\/tags?post=122855"}],"curies":[{"name":"wp","href":"https:\/\/api.w.org\/{rel}","templated":true}]}}