{"id":122856,"date":"2021-07-31T09:15:00","date_gmt":"2021-07-31T13:15:00","guid":{"rendered":"https:\/\/linitiative.ca\/International\/jo-le-mexique-ecrase-la-coree-du-sud\/"},"modified":"2021-07-31T09:15:00","modified_gmt":"2021-07-31T13:15:00","slug":"jo-le-mexique-ecrase-la-coree-du-sud","status":"publish","type":"post","link":"https:\/\/linitiative.ca\/International\/jo-le-mexique-ecrase-la-coree-du-sud\/","title":{"rendered":"JO : le Mexique \u00e9crase la Cor\u00e9e du Sud"},"content":{"rendered":"<div>A l&rsquo;occasion des quarts de finale des Jeux Olympiques, le Mexique a balay\u00e9 la Cor\u00e9e du Sud (6-3), ce samedi.<img loading=\"lazy\" decoding=\"async\" src=\"http:\/\/feeds.feedburner.com\/~r\/GalerieFArtciles\/~4\/9Yp5f847E40\" height=\"1\" width=\"1\" alt=\"\"><\/div>\n<p>Auteur:<br \/>\n<a href=\"http:\/\/www.lebuteur.com\/article\/detail?titre=jo-le-mexique-ecrase-la-coree-du-sud&#038;id=100736&#038;utm_source=feedburner&#038;utm_medium=feed&#038;utm_campaign=Feed%3A+GalerieFArtciles+%28Les+derniers+articles++-+lebuteur.com%29\">Cliquez ici pour lire l&rsquo;article depuis sa source.<\/a><\/p>\n","protected":false},"excerpt":{"rendered":"<p>A l&rsquo;occasion des quarts de finale des Jeux Olympiques, le Mexique a balay\u00e9 la Cor\u00e9e du Sud (6-3), ce samedi. Auteur: Cliquez ici pour lire l&rsquo;article depuis sa source.<\/p>\n","protected":false},"author":1738,"featured_media":0,"comment_status":"closed","ping_status":"closed","sticky":false,"template":"","format":"standard","meta":{"fifu_image_url":"http:\/\/feeds.feedburner.com\/~r\/GalerieFArtciles\/~4\/9Yp5f847E40","fifu_image_alt":"JO : le Mexique \u00e9crase la Cor\u00e9e du Sud","footnotes":""},"categories":[53,75],"tags":[],"class_list":["post-122856","post","type-post","status-publish","format-standard","hentry","category-algerie","category-sport"],"_links":{"self":[{"href":"https:\/\/linitiative.ca\/International\/wp-json\/wp\/v2\/posts\/122856","targetHints":{"allow":["GET"]}}],"collection":[{"href":"https:\/\/linitiative.ca\/International\/wp-json\/wp\/v2\/posts"}],"about":[{"href":"https:\/\/linitiative.ca\/International\/wp-json\/wp\/v2\/types\/post"}],"author":[{"embeddable":true,"href":"https:\/\/linitiative.ca\/International\/wp-json\/wp\/v2\/users\/1738"}],"replies":[{"embeddable":true,"href":"https:\/\/linitiative.ca\/International\/wp-json\/wp\/v2\/comments?post=122856"}],"version-history":[{"count":0,"href":"https:\/\/linitiative.ca\/International\/wp-json\/wp\/v2\/posts\/122856\/revisions"}],"wp:attachment":[{"href":"https:\/\/linitiative.ca\/International\/wp-json\/wp\/v2\/media?parent=122856"}],"wp:term":[{"taxonomy":"category","embeddable":true,"href":"https:\/\/linitiative.ca\/International\/wp-json\/wp\/v2\/categories?post=122856"},{"taxonomy":"post_tag","embeddable":true,"href":"https:\/\/linitiative.ca\/International\/wp-json\/wp\/v2\/tags?post=122856"}],"curies":[{"name":"wp","href":"https:\/\/api.w.org\/{rel}","templated":true}]}}