{"id":122859,"date":"2021-07-31T06:35:54","date_gmt":"2021-07-31T10:35:54","guid":{"rendered":"https:\/\/linitiative.ca\/International\/hopital-de-blida-le-pire-est-a-craindre\/"},"modified":"2021-07-31T06:35:54","modified_gmt":"2021-07-31T10:35:54","slug":"hopital-de-blida-le-pire-est-a-craindre","status":"publish","type":"post","link":"https:\/\/linitiative.ca\/International\/hopital-de-blida-le-pire-est-a-craindre\/","title":{"rendered":"H\u00f4pital de Blida : le pire est \u00e0 craindre"},"content":{"rendered":"<div>\n<div class=\"sriret\"><img decoding=\"async\" src=\"https:\/\/linitiative.ca\/International\/wp-content\/uploads\/sites\/23\/2021\/07\/default-picture-709x366_c-44.jpg\"><\/div>\n<p>Dans la wilaya de Blida, les cinq principaux h\u00f4pitaux continuent d\u2019\u00eatre submerg\u00e9s par les malades Covid-19, au moment o\u00f9 l\u2019alimentation en oxyg\u00e8ne pose toujours probl\u00e8me, ce qui ne cesse de causer de nombreux d\u00e9c\u00e8s, avec en moyenne de 40 d\u00e9c\u00e8s par jour dans toute la wilaya.<\/p>\n<p>Rien qu\u2019\u00e0 l\u2019h\u00f4pital Brahim Tirichine, ex Faubourg, 16 malades ont succomb\u00e9, jeudi, faute d\u2019oxyg\u00e8ne, annoncent des travailleurs au niveau de cet \u00e9tablissement de sant\u00e9, qualifiant la situation qui perdure de grave. \u00abNon dot\u00e9 d\u2019un service de r\u00e9animation, notre h\u00f4pital, d\u00e9di\u00e9 exclusivement aux malades Covid-19, avec ses 130 lits, est devenu un mouroir au quotidien. Malheureusement, nous n\u2019avons pas les moyens pour y faire face\u00bb, regrettent-ils. Et comme un malheur n\u2019arrive jamais seul, l\u2019h\u00f4pital Brahim Tirichine vient d\u2019\u00eatre notifi\u00e9 de la baisse de son quota en oxyg\u00e8ne m\u00e9dical.<\/p>\n<p>\u00a0<\/p>\n<p>*Retrouvez l\u2019int\u00e9gralit\u00e9 de nos articles sur la version papier<\/p>\n<p>L\u2019article <a rel=\"nofollow\" href=\"https:\/\/www.elwatan.com\/edition\/actualite\/hopital-de-blida-le-pire-est-a-craindre-31-07-2021\">H\u00f4pital de Blida : le pire est \u00e0 craindre<\/a> est apparu en premier sur <a rel=\"nofollow\" href=\"https:\/\/www.elwatan.com\/\">El Watan<\/a>.<\/p>\n<\/div>\n<p>Auteur: Hicham Chouadria<br \/>\n<a href=\"https:\/\/www.elwatan.com\/edition\/actualite\/hopital-de-blida-le-pire-est-a-craindre-31-07-2021\">Cliquez ici pour lire l&rsquo;article depuis sa source.<\/a><\/p>\n","protected":false},"excerpt":{"rendered":"<p>Dans la wilaya de Blida, les cinq principaux h\u00f4pitaux continuent d\u2019\u00eatre submerg\u00e9s par les malades Covid-19, au moment o\u00f9 l\u2019alimentation en oxyg\u00e8ne pose toujours probl\u00e8me, ce qui ne cesse de causer de nombreux d\u00e9c\u00e8s, avec en moyenne de 40 d\u00e9c\u00e8s par jour dans toute la wilaya. Rien qu\u2019\u00e0 l\u2019h\u00f4pital Brahim Tirichine, ex Faubourg, 16 malades [&hellip;]<\/p>\n","protected":false},"author":1743,"featured_media":0,"comment_status":"closed","ping_status":"closed","sticky":false,"template":"","format":"standard","meta":{"fifu_image_url":"https:\/\/www.elwatan.com\/wp-content\/themes\/spectr\/img\/default-picture-709x366_c.jpg","fifu_image_alt":"H\u00f4pital de Blida : le pire est \u00e0 craindre","footnotes":""},"categories":[73,53],"tags":[],"class_list":["post-122859","post","type-post","status-publish","format-standard","hentry","category-actualite","category-algerie"],"_links":{"self":[{"href":"https:\/\/linitiative.ca\/International\/wp-json\/wp\/v2\/posts\/122859","targetHints":{"allow":["GET"]}}],"collection":[{"href":"https:\/\/linitiative.ca\/International\/wp-json\/wp\/v2\/posts"}],"about":[{"href":"https:\/\/linitiative.ca\/International\/wp-json\/wp\/v2\/types\/post"}],"author":[{"embeddable":true,"href":"https:\/\/linitiative.ca\/International\/wp-json\/wp\/v2\/users\/1743"}],"replies":[{"embeddable":true,"href":"https:\/\/linitiative.ca\/International\/wp-json\/wp\/v2\/comments?post=122859"}],"version-history":[{"count":0,"href":"https:\/\/linitiative.ca\/International\/wp-json\/wp\/v2\/posts\/122859\/revisions"}],"wp:attachment":[{"href":"https:\/\/linitiative.ca\/International\/wp-json\/wp\/v2\/media?parent=122859"}],"wp:term":[{"taxonomy":"category","embeddable":true,"href":"https:\/\/linitiative.ca\/International\/wp-json\/wp\/v2\/categories?post=122859"},{"taxonomy":"post_tag","embeddable":true,"href":"https:\/\/linitiative.ca\/International\/wp-json\/wp\/v2\/tags?post=122859"}],"curies":[{"name":"wp","href":"https:\/\/api.w.org\/{rel}","templated":true}]}}