{"id":122865,"date":"2021-07-31T06:40:58","date_gmt":"2021-07-31T10:40:58","guid":{"rendered":"https:\/\/linitiative.ca\/International\/le-gouvernement-prend-une-serie-de-mesures-pour-assurer-la-disponibilite-de-loxygene\/"},"modified":"2021-07-31T06:40:58","modified_gmt":"2021-07-31T10:40:58","slug":"le-gouvernement-prend-une-serie-de-mesures-pour-assurer-la-disponibilite-de-loxygene","status":"publish","type":"post","link":"https:\/\/linitiative.ca\/International\/le-gouvernement-prend-une-serie-de-mesures-pour-assurer-la-disponibilite-de-loxygene\/","title":{"rendered":"Le gouvernement prend une s\u00e9rie de mesures  pour assurer la disponibilit\u00e9 de l\u2019oxyg\u00e8ne"},"content":{"rendered":"<div>\n<div class=\"sriret\"><img decoding=\"async\" src=\"https:\/\/linitiative.ca\/International\/wp-content\/uploads\/sites\/23\/2021\/07\/default-picture-709x366_c-47.jpg\"><\/div>\n<p>Le Premier ministre et ministre des Finances,\u00a0A\u00efmene Benabderrahmane, a affirm\u00e9, jeudi apr\u00e8s-midi \u00e0 Alger, que l\u2019Etat avait pris \u00abune s\u00e9rie de mesures\u00bb pour assurer la disponibilit\u00e9 de l\u2019oxyg\u00e8ne dans les \u00e9tablissements hospitaliers et r\u00e9pondre la demande croissante due \u00e0 la recrudescence des contaminations \u00e0 la Covid-19. \u00abSur instruction du pr\u00e9sident de la R\u00e9publique, il a \u00e9t\u00e9 d\u00e9cid\u00e9 de prendre une s\u00e9rie de mesures pour satisfaire la demande croissante en mati\u00e8re d\u2019oxyg\u00e8ne dans les diff\u00e9rents \u00e9tablissements hospitaliers \u00e0 l\u2019\u00e9chelle\u00a0 nationale\u00bb, a pr\u00e9cis\u00e9 le Premier ministre dans une d\u00e9claration \u00e0 la presse. Rappelant que \u00abla production nationale oscillait entre 400\u00a0000 et 120\u00a0000 l\/j\u00bb, le Premier ministre a indiqu\u00e9 que \u00abla hausse brusque de la demande\u00bb d\u2019oxyg\u00e8ne a amen\u00e9 \u00e0 prendre des d\u00e9cisions et des mesures pour venir en appui \u00e0 cette production.<\/p>\n<p>\u00a0<\/p>\n<p>*Retrouvez l\u2019int\u00e9gralit\u00e9 de nos articles sur la version papier<\/p>\n<p>L\u2019article <a rel=\"nofollow\" href=\"https:\/\/www.elwatan.com\/edition\/actualite\/le-gouvernement-prend-une-serie-de-mesures-pour-assurer-la-disponibilite-de-loxygene-31-07-2021\">Le gouvernement prend une s\u00e9rie de mesures  pour assurer la disponibilit\u00e9 de l\u2019oxyg\u00e8ne<\/a> est apparu en premier sur <a rel=\"nofollow\" href=\"https:\/\/www.elwatan.com\/\">El Watan<\/a>.<\/p>\n<\/div>\n<p>Auteur: Hicham Chouadria<br \/>\n<a href=\"https:\/\/www.elwatan.com\/edition\/actualite\/le-gouvernement-prend-une-serie-de-mesures-pour-assurer-la-disponibilite-de-loxygene-31-07-2021\">Cliquez ici pour lire l&rsquo;article depuis sa source.<\/a><\/p>\n","protected":false},"excerpt":{"rendered":"<p>Le Premier ministre et ministre des Finances,\u00a0A\u00efmene Benabderrahmane, a affirm\u00e9, jeudi apr\u00e8s-midi \u00e0 Alger, que l\u2019Etat avait pris \u00abune s\u00e9rie de mesures\u00bb pour assurer la disponibilit\u00e9 de l\u2019oxyg\u00e8ne dans les \u00e9tablissements hospitaliers et r\u00e9pondre la demande croissante due \u00e0 la recrudescence des contaminations \u00e0 la Covid-19. \u00abSur instruction du pr\u00e9sident de la R\u00e9publique, il a [&hellip;]<\/p>\n","protected":false},"author":1743,"featured_media":0,"comment_status":"closed","ping_status":"closed","sticky":false,"template":"","format":"standard","meta":{"fifu_image_url":"https:\/\/www.elwatan.com\/wp-content\/themes\/spectr\/img\/default-picture-709x366_c.jpg","fifu_image_alt":"Le gouvernement prend une s\u00e9rie de mesures  pour assurer la disponibilit\u00e9 de l\u2019oxyg\u00e8ne","footnotes":""},"categories":[73,53],"tags":[],"class_list":["post-122865","post","type-post","status-publish","format-standard","hentry","category-actualite","category-algerie"],"_links":{"self":[{"href":"https:\/\/linitiative.ca\/International\/wp-json\/wp\/v2\/posts\/122865","targetHints":{"allow":["GET"]}}],"collection":[{"href":"https:\/\/linitiative.ca\/International\/wp-json\/wp\/v2\/posts"}],"about":[{"href":"https:\/\/linitiative.ca\/International\/wp-json\/wp\/v2\/types\/post"}],"author":[{"embeddable":true,"href":"https:\/\/linitiative.ca\/International\/wp-json\/wp\/v2\/users\/1743"}],"replies":[{"embeddable":true,"href":"https:\/\/linitiative.ca\/International\/wp-json\/wp\/v2\/comments?post=122865"}],"version-history":[{"count":0,"href":"https:\/\/linitiative.ca\/International\/wp-json\/wp\/v2\/posts\/122865\/revisions"}],"wp:attachment":[{"href":"https:\/\/linitiative.ca\/International\/wp-json\/wp\/v2\/media?parent=122865"}],"wp:term":[{"taxonomy":"category","embeddable":true,"href":"https:\/\/linitiative.ca\/International\/wp-json\/wp\/v2\/categories?post=122865"},{"taxonomy":"post_tag","embeddable":true,"href":"https:\/\/linitiative.ca\/International\/wp-json\/wp\/v2\/tags?post=122865"}],"curies":[{"name":"wp","href":"https:\/\/api.w.org\/{rel}","templated":true}]}}