{"id":122869,"date":"2021-07-31T07:32:00","date_gmt":"2021-07-31T11:32:00","guid":{"rendered":"https:\/\/linitiative.ca\/International\/bechir-akremi-en-residence-surveillee-un-pas-decisif-dans-leclatement-de-la-verite-sur-les-assassinats-politiques-et-lorganisation-secrete\/"},"modified":"2021-07-31T07:32:00","modified_gmt":"2021-07-31T11:32:00","slug":"bechir-akremi-en-residence-surveillee-un-pas-decisif-dans-leclatement-de-la-verite-sur-les-assassinats-politiques-et-lorganisation-secrete","status":"publish","type":"post","link":"https:\/\/linitiative.ca\/International\/bechir-akremi-en-residence-surveillee-un-pas-decisif-dans-leclatement-de-la-verite-sur-les-assassinats-politiques-et-lorganisation-secrete\/","title":{"rendered":"B\u00e9chir Akremi en r\u00e9sidence surveill\u00e9e: un pas d\u00e9cisif dans l\u2019\u00e9clatement de la v\u00e9rit\u00e9 sur les assassinats politiques et l\u2019organisation secr\u00e8te"},"content":{"rendered":"<div><img decoding=\"async\" src=\"https:\/\/linitiative.ca\/International\/wp-content\/uploads\/sites\/23\/2021\/07\/1627728189_article.jpg\" alt=\" B\u00e9chir Akremi en r\u00e9sidence surveill\u00e9e : un pas d\u00e9cisif dans l\u2019\u00e9clatement de la v\u00e9rit\u00e9 sur les assassinats politiques et l\u2019organisation secr\u00e8te\" align=\"left\">De toutes les mesures prises au lendemain du 25 juillet, le placement B\u00e9chir Akremi \u00e0 r\u00e9sidence surveill\u00e9e pour une p\u00e9riode de 40 jours pouvant \u00eatre renouvel\u00e9e est sans doute l&rsquo;une des plus significativs. Tout puissant et redoutable procureur de la R\u00e9publique pr\u00e8s du tribunal de premi\u00e8re instance de Tunis 1 et \u00e9galement chef des p\u00f4les judiciaires de lutte contre le terrorisme et financier, apr\u00e8s avoir \u00e9t\u00e9 juge d\u2019instruction (cabinet 13), il exer\u00e7ait toute son emprise sur le parquet.<br \/>\nSuspendu de ses fonctions le 13 juillet dernier par le Conseil judiciaire, B\u00e9chir Akremi \u00e9t\u00e9 fortement impliqu\u00e9 par le rapport de l\u2019Inspection g\u00e9n\u00e9rale du minist\u00e8re de la Justice dans &#8230;<\/p>\n<\/div>\n<p>Auteur:<br \/>\n<a href=\"https:\/\/www.leaders.com.tn\/article\/32218-bechir-akremi-en-residence-surveillee-un-pas-decisif-dans-l-eclatement-de-la-verite-sur-les-assassinats-politiques-et-l-organisation-secrete\">Cliquez ici pour lire l&rsquo;article depuis sa source.<\/a><\/p>\n","protected":false},"excerpt":{"rendered":"<p>De toutes les mesures prises au lendemain du 25 juillet, le placement B\u00e9chir Akremi \u00e0 r\u00e9sidence surveill\u00e9e pour une p\u00e9riode de 40 jours pouvant \u00eatre renouvel\u00e9e est sans doute l&rsquo;une des plus significativs. Tout puissant et redoutable procureur de la R\u00e9publique pr\u00e8s du tribunal de premi\u00e8re instance de Tunis 1 et \u00e9galement chef des p\u00f4les [&hellip;]<\/p>\n","protected":false},"author":1772,"featured_media":0,"comment_status":"closed","ping_status":"closed","sticky":false,"template":"","format":"standard","meta":{"fifu_image_url":"http:\/\/www.leaders.com.tn\/uploads\/content\/thumbnails_small\/1627728189_article.jpg","fifu_image_alt":"B\u00e9chir Akremi en r\u00e9sidence surveill\u00e9e: un pas d\u00e9cisif dans l\u2019\u00e9clatement de la v\u00e9rit\u00e9 sur les assassinats politiques et l\u2019organisation secr\u00e8te","footnotes":""},"categories":[73,55],"tags":[],"class_list":["post-122869","post","type-post","status-publish","format-standard","hentry","category-actualite","category-tunisie"],"_links":{"self":[{"href":"https:\/\/linitiative.ca\/International\/wp-json\/wp\/v2\/posts\/122869","targetHints":{"allow":["GET"]}}],"collection":[{"href":"https:\/\/linitiative.ca\/International\/wp-json\/wp\/v2\/posts"}],"about":[{"href":"https:\/\/linitiative.ca\/International\/wp-json\/wp\/v2\/types\/post"}],"author":[{"embeddable":true,"href":"https:\/\/linitiative.ca\/International\/wp-json\/wp\/v2\/users\/1772"}],"replies":[{"embeddable":true,"href":"https:\/\/linitiative.ca\/International\/wp-json\/wp\/v2\/comments?post=122869"}],"version-history":[{"count":0,"href":"https:\/\/linitiative.ca\/International\/wp-json\/wp\/v2\/posts\/122869\/revisions"}],"wp:attachment":[{"href":"https:\/\/linitiative.ca\/International\/wp-json\/wp\/v2\/media?parent=122869"}],"wp:term":[{"taxonomy":"category","embeddable":true,"href":"https:\/\/linitiative.ca\/International\/wp-json\/wp\/v2\/categories?post=122869"},{"taxonomy":"post_tag","embeddable":true,"href":"https:\/\/linitiative.ca\/International\/wp-json\/wp\/v2\/tags?post=122869"}],"curies":[{"name":"wp","href":"https:\/\/api.w.org\/{rel}","templated":true}]}}