{"id":122873,"date":"2021-07-31T05:55:27","date_gmt":"2021-07-31T09:55:27","guid":{"rendered":"https:\/\/linitiative.ca\/International\/covid-19-le-ministere-de-la-sante-lance-un-appel-a-eviter-les-centres-de-vaccination-a-grande-affluence\/"},"modified":"2021-07-31T05:55:27","modified_gmt":"2021-07-31T09:55:27","slug":"covid-19-le-ministere-de-la-sante-lance-un-appel-a-eviter-les-centres-de-vaccination-a-grande-affluence","status":"publish","type":"post","link":"https:\/\/linitiative.ca\/International\/covid-19-le-ministere-de-la-sante-lance-un-appel-a-eviter-les-centres-de-vaccination-a-grande-affluence\/","title":{"rendered":"Covid-19. Le minist\u00e8re de la Sant\u00e9 lance un appel \u00e0 \u00e9viter les centres de vaccination \u00e0 grande affluence"},"content":{"rendered":"<div><img decoding=\"async\" width=\"491\" height=\"287\" src=\"https:\/\/linitiative.ca\/International\/wp-content\/uploads\/sites\/23\/2021\/07\/vaccination-copier.jpg\" class=\"attachment-post-thumbnail size-post-thumbnail wp-post-image\" alt=\"\" loading=\"lazy\" srcset=\"https:\/\/linitiative.ca\/International\/wp-content\/uploads\/sites\/23\/2021\/07\/vaccination-copier.jpg 491w, https:\/\/www.challenge.ma\/wp-content\/uploads\/2021\/07\/vaccination-copier-300x175.jpg 300w, https:\/\/www.challenge.ma\/wp-content\/uploads\/2021\/07\/vaccination-copier-360x210.jpg 360w\" sizes=\"auto, (max-width: 491px) 100vw, 491px\" itemprop=\"image\">Le minist\u00e8re de la Sant\u00e9 a invit\u00e9 les citoyens \u00e0 ne pas affluer massivement \u00e0 un nombre limit\u00e9 de centres de vaccination anti Covid-19, soulignant que les points d\u00e9di\u00e9s \u00e0 cet effet couvrent la majorit\u00e9 du territoire national. Dans cette optique, le minist\u00e8re pr\u00e9cise que l\u2019acc\u00e8s aux points de vaccination<\/div>\n<p>Auteur: challenge<br \/>\n<a href=\"https:\/\/www.challenge.ma\/covid-19-le-ministere-de-la-sante-lance-un-appel-a-eviter-les-centres-de-vaccination-a-grande-affluence-194562\/\">Cliquez ici pour lire l&rsquo;article depuis sa source.<\/a><\/p>\n","protected":false},"excerpt":{"rendered":"<p>Le minist\u00e8re de la Sant\u00e9 a invit\u00e9 les citoyens \u00e0 ne pas affluer massivement \u00e0 un nombre limit\u00e9 de centres de vaccination anti Covid-19, soulignant que les points d\u00e9di\u00e9s \u00e0 cet effet couvrent la majorit\u00e9 du territoire national. Dans cette optique, le minist\u00e8re pr\u00e9cise que l\u2019acc\u00e8s aux points de vaccination Auteur: challenge Cliquez ici pour [&hellip;]<\/p>\n","protected":false},"author":1787,"featured_media":0,"comment_status":"closed","ping_status":"closed","sticky":false,"template":"","format":"standard","meta":{"fifu_image_url":"https:\/\/www.challenge.ma\/wp-content\/uploads\/2021\/07\/vaccination-copier.jpg","fifu_image_alt":"Covid-19. Le minist\u00e8re de la Sant\u00e9 lance un appel \u00e0 \u00e9viter les centres de vaccination \u00e0 grande affluence","footnotes":""},"categories":[78,54],"tags":[],"class_list":["post-122873","post","type-post","status-publish","format-standard","hentry","category-economie","category-maroc"],"_links":{"self":[{"href":"https:\/\/linitiative.ca\/International\/wp-json\/wp\/v2\/posts\/122873","targetHints":{"allow":["GET"]}}],"collection":[{"href":"https:\/\/linitiative.ca\/International\/wp-json\/wp\/v2\/posts"}],"about":[{"href":"https:\/\/linitiative.ca\/International\/wp-json\/wp\/v2\/types\/post"}],"author":[{"embeddable":true,"href":"https:\/\/linitiative.ca\/International\/wp-json\/wp\/v2\/users\/1787"}],"replies":[{"embeddable":true,"href":"https:\/\/linitiative.ca\/International\/wp-json\/wp\/v2\/comments?post=122873"}],"version-history":[{"count":0,"href":"https:\/\/linitiative.ca\/International\/wp-json\/wp\/v2\/posts\/122873\/revisions"}],"wp:attachment":[{"href":"https:\/\/linitiative.ca\/International\/wp-json\/wp\/v2\/media?parent=122873"}],"wp:term":[{"taxonomy":"category","embeddable":true,"href":"https:\/\/linitiative.ca\/International\/wp-json\/wp\/v2\/categories?post=122873"},{"taxonomy":"post_tag","embeddable":true,"href":"https:\/\/linitiative.ca\/International\/wp-json\/wp\/v2\/tags?post=122873"}],"curies":[{"name":"wp","href":"https:\/\/api.w.org\/{rel}","templated":true}]}}