{"id":122875,"date":"2021-07-31T06:49:42","date_gmt":"2021-07-31T10:49:42","guid":{"rendered":"https:\/\/linitiative.ca\/International\/jo-2020-les-marocains-el-guesse-et-oussama-qualifies-pour-les-demi-finales-du-800-m\/"},"modified":"2021-07-31T06:49:42","modified_gmt":"2021-07-31T10:49:42","slug":"jo-2020-les-marocains-el-guesse-et-oussama-qualifies-pour-les-demi-finales-du-800-m","status":"publish","type":"post","link":"https:\/\/linitiative.ca\/International\/jo-2020-les-marocains-el-guesse-et-oussama-qualifies-pour-les-demi-finales-du-800-m\/","title":{"rendered":"JO 2020. Les Marocains El Guesse et Oussama qualifi\u00e9s pour les demi-finales du 800 m"},"content":{"rendered":"<div><img decoding=\"async\" width=\"738\" height=\"520\" src=\"https:\/\/linitiative.ca\/International\/wp-content\/uploads\/sites\/23\/2021\/07\/oussama_nabil.jpg\" class=\"attachment-post-thumbnail size-post-thumbnail wp-post-image\" alt=\"\" loading=\"lazy\" srcset=\"https:\/\/linitiative.ca\/International\/wp-content\/uploads\/sites\/23\/2021\/07\/oussama_nabil.jpg 738w, https:\/\/www.challenge.ma\/wp-content\/uploads\/2021\/07\/oussama_nabil-300x211.jpg 300w, https:\/\/www.challenge.ma\/wp-content\/uploads\/2021\/07\/oussama_nabil-360x254.jpg 360w\" sizes=\"auto, (max-width: 738px) 100vw, 738px\" itemprop=\"image\">Les Marocains Abdelati El Guesse et Nabil Oussama se sont qualifi\u00e9s, ce samedi 31 juillet, pour les demi-finales du 800m (hommes) dans le cadre des Jeux olympiques de Tokyo. Dans le d\u00e9tail, El Guesse a assur\u00e9 sa qualification apr\u00e8s avoir occup\u00e9 la 4\u00e8me place de la premi\u00e8re s\u00e9rie des qualifications<\/div>\n<p>Auteur: challenge<br \/>\n<a href=\"https:\/\/www.challenge.ma\/jo-2020-les-marocains-el-guesse-et-oussama-qualifies-pour-les-demi-finales-du-800-m-194566\/\">Cliquez ici pour lire l&rsquo;article depuis sa source.<\/a><\/p>\n","protected":false},"excerpt":{"rendered":"<p>Les Marocains Abdelati El Guesse et Nabil Oussama se sont qualifi\u00e9s, ce samedi 31 juillet, pour les demi-finales du 800m (hommes) dans le cadre des Jeux olympiques de Tokyo. Dans le d\u00e9tail, El Guesse a assur\u00e9 sa qualification apr\u00e8s avoir occup\u00e9 la 4\u00e8me place de la premi\u00e8re s\u00e9rie des qualifications Auteur: challenge Cliquez ici pour [&hellip;]<\/p>\n","protected":false},"author":1787,"featured_media":0,"comment_status":"closed","ping_status":"closed","sticky":false,"template":"","format":"standard","meta":{"fifu_image_url":"https:\/\/www.challenge.ma\/wp-content\/uploads\/2021\/07\/oussama_nabil.jpg","fifu_image_alt":"JO 2020. Les Marocains El Guesse et Oussama qualifi\u00e9s pour les demi-finales du 800 m","footnotes":""},"categories":[78,54],"tags":[],"class_list":["post-122875","post","type-post","status-publish","format-standard","hentry","category-economie","category-maroc"],"_links":{"self":[{"href":"https:\/\/linitiative.ca\/International\/wp-json\/wp\/v2\/posts\/122875","targetHints":{"allow":["GET"]}}],"collection":[{"href":"https:\/\/linitiative.ca\/International\/wp-json\/wp\/v2\/posts"}],"about":[{"href":"https:\/\/linitiative.ca\/International\/wp-json\/wp\/v2\/types\/post"}],"author":[{"embeddable":true,"href":"https:\/\/linitiative.ca\/International\/wp-json\/wp\/v2\/users\/1787"}],"replies":[{"embeddable":true,"href":"https:\/\/linitiative.ca\/International\/wp-json\/wp\/v2\/comments?post=122875"}],"version-history":[{"count":0,"href":"https:\/\/linitiative.ca\/International\/wp-json\/wp\/v2\/posts\/122875\/revisions"}],"wp:attachment":[{"href":"https:\/\/linitiative.ca\/International\/wp-json\/wp\/v2\/media?parent=122875"}],"wp:term":[{"taxonomy":"category","embeddable":true,"href":"https:\/\/linitiative.ca\/International\/wp-json\/wp\/v2\/categories?post=122875"},{"taxonomy":"post_tag","embeddable":true,"href":"https:\/\/linitiative.ca\/International\/wp-json\/wp\/v2\/tags?post=122875"}],"curies":[{"name":"wp","href":"https:\/\/api.w.org\/{rel}","templated":true}]}}