{"id":122881,"date":"2021-07-31T10:33:38","date_gmt":"2021-07-31T14:33:38","guid":{"rendered":"https:\/\/linitiative.ca\/International\/golf-le-trophee-hassan-ii-et-la-coupe-lalla-meryem-sont-annules\/"},"modified":"2021-07-31T10:33:38","modified_gmt":"2021-07-31T14:33:38","slug":"golf-le-trophee-hassan-ii-et-la-coupe-lalla-meryem-sont-annules","status":"publish","type":"post","link":"https:\/\/linitiative.ca\/International\/golf-le-trophee-hassan-ii-et-la-coupe-lalla-meryem-sont-annules\/","title":{"rendered":"Golf. Le Troph\u00e9e Hassan II et la Coupe Lalla Meryem sont annul\u00e9s"},"content":{"rendered":"<div><img decoding=\"async\" width=\"780\" height=\"468\" src=\"https:\/\/linitiative.ca\/International\/wp-content\/uploads\/sites\/23\/2021\/07\/Golf-bon.jpg\" class=\"attachment-post-thumbnail size-post-thumbnail wp-post-image\" alt=\"\" loading=\"lazy\" srcset=\"https:\/\/linitiative.ca\/International\/wp-content\/uploads\/sites\/23\/2021\/07\/Golf-bon.jpg 780w, https:\/\/www.challenge.ma\/wp-content\/uploads\/2021\/07\/Golf-bon-300x180.jpg 300w, https:\/\/www.challenge.ma\/wp-content\/uploads\/2021\/07\/Golf-bon-768x461.jpg 768w, https:\/\/www.challenge.ma\/wp-content\/uploads\/2021\/07\/Golf-bon-360x216.jpg 360w, https:\/\/www.challenge.ma\/wp-content\/uploads\/2021\/07\/Golf-bon-750x450.jpg 750w\" sizes=\"auto, (max-width: 780px) 100vw, 780px\" itemprop=\"image\">Les \u00e9ditions 2021 du Troph\u00e9e Hassan II et de la Coupe Lalla Meryem ont \u00e9t\u00e9 annul\u00e9es, et ce pour la deuxi\u00e8me ann\u00e9e cons\u00e9cutive, compte tenu de la pand\u00e9mie li\u00e9e \u00e0 la Covid-19. Pr\u00e9vues normalement du 21 au 24 octobre au Royal Golf de Dar Essalam, la d\u00e9cision d\u2019annuler ces deux<\/div>\n<p>Auteur: challenge<br \/>\n<a href=\"https:\/\/www.challenge.ma\/golf-le-trophee-hassan-ii-et-la-coupe-lalla-meryem-sont-annules-194587\/\">Cliquez ici pour lire l&rsquo;article depuis sa source.<\/a><\/p>\n","protected":false},"excerpt":{"rendered":"<p>Les \u00e9ditions 2021 du Troph\u00e9e Hassan II et de la Coupe Lalla Meryem ont \u00e9t\u00e9 annul\u00e9es, et ce pour la deuxi\u00e8me ann\u00e9e cons\u00e9cutive, compte tenu de la pand\u00e9mie li\u00e9e \u00e0 la Covid-19. Pr\u00e9vues normalement du 21 au 24 octobre au Royal Golf de Dar Essalam, la d\u00e9cision d\u2019annuler ces deux Auteur: challenge Cliquez ici pour [&hellip;]<\/p>\n","protected":false},"author":1787,"featured_media":0,"comment_status":"closed","ping_status":"closed","sticky":false,"template":"","format":"standard","meta":{"fifu_image_url":"https:\/\/www.challenge.ma\/wp-content\/uploads\/2021\/07\/Golf-bon.jpg","fifu_image_alt":"Golf. Le Troph\u00e9e Hassan II et la Coupe Lalla Meryem sont annul\u00e9s","footnotes":""},"categories":[78,54],"tags":[],"class_list":["post-122881","post","type-post","status-publish","format-standard","hentry","category-economie","category-maroc"],"_links":{"self":[{"href":"https:\/\/linitiative.ca\/International\/wp-json\/wp\/v2\/posts\/122881","targetHints":{"allow":["GET"]}}],"collection":[{"href":"https:\/\/linitiative.ca\/International\/wp-json\/wp\/v2\/posts"}],"about":[{"href":"https:\/\/linitiative.ca\/International\/wp-json\/wp\/v2\/types\/post"}],"author":[{"embeddable":true,"href":"https:\/\/linitiative.ca\/International\/wp-json\/wp\/v2\/users\/1787"}],"replies":[{"embeddable":true,"href":"https:\/\/linitiative.ca\/International\/wp-json\/wp\/v2\/comments?post=122881"}],"version-history":[{"count":0,"href":"https:\/\/linitiative.ca\/International\/wp-json\/wp\/v2\/posts\/122881\/revisions"}],"wp:attachment":[{"href":"https:\/\/linitiative.ca\/International\/wp-json\/wp\/v2\/media?parent=122881"}],"wp:term":[{"taxonomy":"category","embeddable":true,"href":"https:\/\/linitiative.ca\/International\/wp-json\/wp\/v2\/categories?post=122881"},{"taxonomy":"post_tag","embeddable":true,"href":"https:\/\/linitiative.ca\/International\/wp-json\/wp\/v2\/tags?post=122881"}],"curies":[{"name":"wp","href":"https:\/\/api.w.org\/{rel}","templated":true}]}}