{"id":122884,"date":"2021-07-31T16:35:10","date_gmt":"2021-07-31T20:35:10","guid":{"rendered":"https:\/\/linitiative.ca\/International\/tunisie-saied-sentretient-avec-son-homologue-algerien\/"},"modified":"2021-07-31T16:35:10","modified_gmt":"2021-07-31T20:35:10","slug":"tunisie-saied-sentretient-avec-son-homologue-algerien","status":"publish","type":"post","link":"https:\/\/linitiative.ca\/International\/tunisie-saied-sentretient-avec-son-homologue-algerien\/","title":{"rendered":"Tunisie \u2013 Sa\u00efed s\u2019entretient avec son homologue alg\u00e9rien"},"content":{"rendered":"<div>\n<p>La pr\u00e9sidence alg\u00e9rienne a annonc\u00e9, ce soir, que le pr\u00e9sident Abdelmajid Tebboune a eu un entretien t\u00e9l\u00e9phonique avec son homologue tunisien Ka\u00efs Sa\u00efed, pour s\u2019enqu\u00e9rir de la situation en Tunisie, ainsi que de l\u2019\u00e9tat du pr\u00e9sident et du peuple. Ka\u00efs Sa\u00efed a rassur\u00e9 son homologue en lui assurant que la Tunisie avan\u00e7ait sur le droit [\u2026]<\/p>\n<p>L\u2019article <a href=\"https:\/\/www.tunisienumerique.com\/tunisie-saied-sentretient-avec-son-homologue-algerien\/\">Tunisie \u2013 Sa\u00efed s\u2019entretient avec son homologue alg\u00e9rien<\/a> est apparu en premier sur <a href=\"https:\/\/www.tunisienumerique.com\/\">Tunisie<\/a>.<\/p>\n<\/div>\n<p>Auteur: LM<br \/>\n<a href=\"https:\/\/www.tunisienumerique.com\/tunisie-saied-sentretient-avec-son-homologue-algerien\/\">Cliquez ici pour lire l&rsquo;article depuis sa source.<\/a><\/p>\n","protected":false},"excerpt":{"rendered":"<p>La pr\u00e9sidence alg\u00e9rienne a annonc\u00e9, ce soir, que le pr\u00e9sident Abdelmajid Tebboune a eu un entretien t\u00e9l\u00e9phonique avec son homologue tunisien Ka\u00efs Sa\u00efed, pour s\u2019enqu\u00e9rir de la situation en Tunisie, ainsi que de l\u2019\u00e9tat du pr\u00e9sident et du peuple. Ka\u00efs Sa\u00efed a rassur\u00e9 son homologue en lui assurant que la Tunisie avan\u00e7ait sur le droit [&hellip;]<\/p>\n","protected":false},"author":1789,"featured_media":0,"comment_status":"closed","ping_status":"closed","sticky":false,"template":"","format":"standard","meta":{"fifu_image_url":"","fifu_image_alt":"","footnotes":""},"categories":[73,55],"tags":[],"class_list":["post-122884","post","type-post","status-publish","format-standard","hentry","category-actualite","category-tunisie"],"_links":{"self":[{"href":"https:\/\/linitiative.ca\/International\/wp-json\/wp\/v2\/posts\/122884","targetHints":{"allow":["GET"]}}],"collection":[{"href":"https:\/\/linitiative.ca\/International\/wp-json\/wp\/v2\/posts"}],"about":[{"href":"https:\/\/linitiative.ca\/International\/wp-json\/wp\/v2\/types\/post"}],"author":[{"embeddable":true,"href":"https:\/\/linitiative.ca\/International\/wp-json\/wp\/v2\/users\/1789"}],"replies":[{"embeddable":true,"href":"https:\/\/linitiative.ca\/International\/wp-json\/wp\/v2\/comments?post=122884"}],"version-history":[{"count":0,"href":"https:\/\/linitiative.ca\/International\/wp-json\/wp\/v2\/posts\/122884\/revisions"}],"wp:attachment":[{"href":"https:\/\/linitiative.ca\/International\/wp-json\/wp\/v2\/media?parent=122884"}],"wp:term":[{"taxonomy":"category","embeddable":true,"href":"https:\/\/linitiative.ca\/International\/wp-json\/wp\/v2\/categories?post=122884"},{"taxonomy":"post_tag","embeddable":true,"href":"https:\/\/linitiative.ca\/International\/wp-json\/wp\/v2\/tags?post=122884"}],"curies":[{"name":"wp","href":"https:\/\/api.w.org\/{rel}","templated":true}]}}