{"id":122885,"date":"2021-07-31T16:49:49","date_gmt":"2021-07-31T20:49:49","guid":{"rendered":"https:\/\/linitiative.ca\/International\/urgent-egypte-le-ministere-des-affaires-etrangeres-sexprime-sur-la-situation-en-tunisie\/"},"modified":"2021-07-31T16:49:49","modified_gmt":"2021-07-31T20:49:49","slug":"urgent-egypte-le-ministere-des-affaires-etrangeres-sexprime-sur-la-situation-en-tunisie","status":"publish","type":"post","link":"https:\/\/linitiative.ca\/International\/urgent-egypte-le-ministere-des-affaires-etrangeres-sexprime-sur-la-situation-en-tunisie\/","title":{"rendered":"URGENT-Egypte: Le minist\u00e8re des Affaires Etrang\u00e8res s\u2019exprime sur la situation en Tunisie"},"content":{"rendered":"<div>\n<p>Le minist\u00e8re des Affaires Etrang\u00e8res \u00e9gyptien a annonc\u00e9 dans un communiqu\u00e9 rendu public sur sa page ce soir 31 juillet 2021, que \u201cce qui se passe en Tunisie est une affaire int\u00e9rieure\u201d et qu\u2019il soutien \u201cla s\u00fbret\u00e9 et la stabilit\u00e9 du pays\u201d.<\/p>\n<p>L\u2019article <a href=\"https:\/\/www.tunisienumerique.com\/urgent-egypte-le-ministere-des-affaires-etrangeres-sexprime-sur-la-situation-en-tunisie\/\">URGENT-Egypte: Le minist\u00e8re des Affaires Etrang\u00e8res s\u2019exprime sur la situation en Tunisie<\/a> est apparu en premier sur <a href=\"https:\/\/www.tunisienumerique.com\/\">Tunisie<\/a>.<\/p>\n<\/div>\n<p>Auteur: rania ben slimane<br \/>\n<a href=\"https:\/\/www.tunisienumerique.com\/urgent-egypte-le-ministere-des-affaires-etrangeres-sexprime-sur-la-situation-en-tunisie\/\">Cliquez ici pour lire l&rsquo;article depuis sa source.<\/a><\/p>\n","protected":false},"excerpt":{"rendered":"<p>Le minist\u00e8re des Affaires Etrang\u00e8res \u00e9gyptien a annonc\u00e9 dans un communiqu\u00e9 rendu public sur sa page ce soir 31 juillet 2021, que \u201cce qui se passe en Tunisie est une affaire int\u00e9rieure\u201d et qu\u2019il soutien \u201cla s\u00fbret\u00e9 et la stabilit\u00e9 du pays\u201d. L\u2019article URGENT-Egypte: Le minist\u00e8re des Affaires Etrang\u00e8res s\u2019exprime sur la situation en Tunisie [&hellip;]<\/p>\n","protected":false},"author":1789,"featured_media":0,"comment_status":"closed","ping_status":"closed","sticky":false,"template":"","format":"standard","meta":{"fifu_image_url":"","fifu_image_alt":"","footnotes":""},"categories":[73,55],"tags":[],"class_list":["post-122885","post","type-post","status-publish","format-standard","hentry","category-actualite","category-tunisie"],"_links":{"self":[{"href":"https:\/\/linitiative.ca\/International\/wp-json\/wp\/v2\/posts\/122885","targetHints":{"allow":["GET"]}}],"collection":[{"href":"https:\/\/linitiative.ca\/International\/wp-json\/wp\/v2\/posts"}],"about":[{"href":"https:\/\/linitiative.ca\/International\/wp-json\/wp\/v2\/types\/post"}],"author":[{"embeddable":true,"href":"https:\/\/linitiative.ca\/International\/wp-json\/wp\/v2\/users\/1789"}],"replies":[{"embeddable":true,"href":"https:\/\/linitiative.ca\/International\/wp-json\/wp\/v2\/comments?post=122885"}],"version-history":[{"count":0,"href":"https:\/\/linitiative.ca\/International\/wp-json\/wp\/v2\/posts\/122885\/revisions"}],"wp:attachment":[{"href":"https:\/\/linitiative.ca\/International\/wp-json\/wp\/v2\/media?parent=122885"}],"wp:term":[{"taxonomy":"category","embeddable":true,"href":"https:\/\/linitiative.ca\/International\/wp-json\/wp\/v2\/categories?post=122885"},{"taxonomy":"post_tag","embeddable":true,"href":"https:\/\/linitiative.ca\/International\/wp-json\/wp\/v2\/tags?post=122885"}],"curies":[{"name":"wp","href":"https:\/\/api.w.org\/{rel}","templated":true}]}}