{"id":122886,"date":"2021-07-31T17:07:11","date_gmt":"2021-07-31T21:07:11","guid":{"rendered":"https:\/\/linitiative.ca\/International\/imed-ben-halima-video-maher-zayd-est-un-element-dangereux-a-larp\/"},"modified":"2021-07-31T17:07:11","modified_gmt":"2021-07-31T21:07:11","slug":"imed-ben-halima-video-maher-zayd-est-un-element-dangereux-a-larp","status":"publish","type":"post","link":"https:\/\/linitiative.ca\/International\/imed-ben-halima-video-maher-zayd-est-un-element-dangereux-a-larp\/","title":{"rendered":"Imed Ben Halima [VIDEO] : \u00ab Maher Zayd est un \u00e9l\u00e9ment dangereux \u00e0 l\u2019ARP ! \u00bb"},"content":{"rendered":"<div>\n<p>L\u2019avocat par ailleurs activiste politique, Imed Ben Halima a indiqu\u00e9 dans une vid\u00e9o publi\u00e9e sur sa page le 31 juillet 2021, que le d\u00e9put\u00e9 Al Karama Maher Zayd est \u00ab\u00a0un \u00e9l\u00e9ment dangereux\u00a0\u00e0 l\u2019ARP\u00bb. En effet, il a soulign\u00e9 l\u2019influence des islamistes dans le cadre de l\u2019affaire de Maher Zayd et a pass\u00e9 en revue son [\u2026]<\/p>\n<p>L\u2019article <a href=\"https:\/\/www.tunisienumerique.com\/imed-ben-halima-video-maher-zayd-est-un-element-dangereux-a-larp\/\">Imed Ben Halima [VIDEO] : \u00ab Maher Zayd est un \u00e9l\u00e9ment dangereux \u00e0 l\u2019ARP ! \u00bb<\/a> est apparu en premier sur <a href=\"https:\/\/www.tunisienumerique.com\/\">Tunisie<\/a>.<\/p>\n<\/div>\n<p>Auteur: rania ben slimane<br \/>\n<a href=\"https:\/\/www.tunisienumerique.com\/imed-ben-halima-video-maher-zayd-est-un-element-dangereux-a-larp\/\">Cliquez ici pour lire l&rsquo;article depuis sa source.<\/a><\/p>\n","protected":false},"excerpt":{"rendered":"<p>L\u2019avocat par ailleurs activiste politique, Imed Ben Halima a indiqu\u00e9 dans une vid\u00e9o publi\u00e9e sur sa page le 31 juillet 2021, que le d\u00e9put\u00e9 Al Karama Maher Zayd est \u00ab\u00a0un \u00e9l\u00e9ment dangereux\u00a0\u00e0 l\u2019ARP\u00bb. En effet, il a soulign\u00e9 l\u2019influence des islamistes dans le cadre de l\u2019affaire de Maher Zayd et a pass\u00e9 en revue son [&hellip;]<\/p>\n","protected":false},"author":1789,"featured_media":0,"comment_status":"closed","ping_status":"closed","sticky":false,"template":"","format":"standard","meta":{"fifu_image_url":"","fifu_image_alt":"","footnotes":""},"categories":[73,55],"tags":[],"class_list":["post-122886","post","type-post","status-publish","format-standard","hentry","category-actualite","category-tunisie"],"_links":{"self":[{"href":"https:\/\/linitiative.ca\/International\/wp-json\/wp\/v2\/posts\/122886","targetHints":{"allow":["GET"]}}],"collection":[{"href":"https:\/\/linitiative.ca\/International\/wp-json\/wp\/v2\/posts"}],"about":[{"href":"https:\/\/linitiative.ca\/International\/wp-json\/wp\/v2\/types\/post"}],"author":[{"embeddable":true,"href":"https:\/\/linitiative.ca\/International\/wp-json\/wp\/v2\/users\/1789"}],"replies":[{"embeddable":true,"href":"https:\/\/linitiative.ca\/International\/wp-json\/wp\/v2\/comments?post=122886"}],"version-history":[{"count":0,"href":"https:\/\/linitiative.ca\/International\/wp-json\/wp\/v2\/posts\/122886\/revisions"}],"wp:attachment":[{"href":"https:\/\/linitiative.ca\/International\/wp-json\/wp\/v2\/media?parent=122886"}],"wp:term":[{"taxonomy":"category","embeddable":true,"href":"https:\/\/linitiative.ca\/International\/wp-json\/wp\/v2\/categories?post=122886"},{"taxonomy":"post_tag","embeddable":true,"href":"https:\/\/linitiative.ca\/International\/wp-json\/wp\/v2\/tags?post=122886"}],"curies":[{"name":"wp","href":"https:\/\/api.w.org\/{rel}","templated":true}]}}