{"id":122888,"date":"2021-07-30T20:11:49","date_gmt":"2021-07-31T00:11:49","guid":{"rendered":"https:\/\/linitiative.ca\/International\/musique-jacob-desvarieux-cofondateur-du-groupe-kassav-est-mort-des-suites-de-covid-19\/"},"modified":"2021-07-30T20:11:49","modified_gmt":"2021-07-31T00:11:49","slug":"musique-jacob-desvarieux-cofondateur-du-groupe-kassav-est-mort-des-suites-de-covid-19","status":"publish","type":"post","link":"https:\/\/linitiative.ca\/International\/musique-jacob-desvarieux-cofondateur-du-groupe-kassav-est-mort-des-suites-de-covid-19\/","title":{"rendered":"Musique : Jacob Desvarieux, cofondateur du groupe Kassav est mort des suites de Covid-19"},"content":{"rendered":"<div>\n<p><img loading=\"lazy\" decoding=\"async\" width=\"753\" height=\"565\" src=\"https:\/\/linitiative.ca\/International\/wp-content\/uploads\/sites\/23\/2021\/07\/jacob-desvarieux-toujours-hospitalise-kassav-annule-sa-tournee-d-automne.jpg\" class=\"attachment-post-thumbnail size-post-thumbnail wp-post-image\" alt=\"\" srcset=\"https:\/\/linitiative.ca\/International\/wp-content\/uploads\/sites\/23\/2021\/07\/jacob-desvarieux-toujours-hospitalise-kassav-annule-sa-tournee-d-automne.jpg 753w, https:\/\/www.journalducameroun.com\/wp-content\/uploads\/2021\/07\/jacob-desvarieux-toujours-hospitalise-kassav-annule-sa-tournee-d-automne-300x225.jpg 300w, https:\/\/www.journalducameroun.com\/wp-content\/uploads\/2021\/07\/jacob-desvarieux-toujours-hospitalise-kassav-annule-sa-tournee-d-automne-586x440.jpg 586w, https:\/\/www.journalducameroun.com\/wp-content\/uploads\/2021\/07\/jacob-desvarieux-toujours-hospitalise-kassav-annule-sa-tournee-d-automne-600x450.jpg 600w\" sizes=\"auto, (max-width: 753px) 100vw, 753px\"><\/p>\n<h5 style=\"padding-left: 30px; text-align: justify;\">Plong\u00e9 dans le coma depuis plus d&rsquo;une semaine, l&rsquo;artiste a finalement rendu l&rsquo;\u00e2me ce 30 juillet 2021.<\/h5>\n<p style=\"padding-left: 30px; text-align: justify;\">Le monde de la musique en deuil. L&rsquo;artiste Jacob\u00a0 Desvarieux est mort. L&rsquo;artiste a fini un combat pour la vie, entam\u00e9 depuis le 12 juillet dernier.<\/p>\n<p style=\"padding-left: 30px; text-align: justify;\">\u00ab <em>Affect\u00e9 par la Covid 19 et sachant les risques encourus par les personnes greff\u00e9es comme lui, il s&rsquo;\u00e9tait imm\u00e9diatement rendu au CHUG pour \u00eatre pris en charge. Tr\u00e8s vite, les soignants se sont rendus compte de la gravit\u00e9 de son \u00e9tat et ont choisi de le placer dans le coma, pour tout tenter m\u00e9dicalement sans qu&rsquo;il n&rsquo;ait \u00e0 en souffrir. Une proc\u00e9dure qu&rsquo;ils appliquent d&rsquo;ailleurs \u00e0 tous les patients dans un tel \u00e9tat.<\/em>\u00bb,\u00a0rappelle le site d&rsquo;information\u00a0<span class=\"article__author\">Guadeloupe La 1\u00e8re.\u00a0<\/span><\/p>\n<p style=\"padding-left: 30px; text-align: justify;\">A noter que Jacob Desvarieux avait 65 ans. Son dernier grand adieux \u00e0 l&rsquo;Afrique qui l&rsquo;a aim\u00e9 et adopt\u00e9 \u00e9tait une magnifique reprise en 2019 de sa chanson \u00abOu L\u00e9\u00bb. Respect l&rsquo;artiste ! Adieux la l\u00e9gende !<\/p>\n<p style=\"text-align: justify;\">\n<p>Cet article <a rel=\"nofollow\" href=\"https:\/\/www.journalducameroun.com\/musique-jacob-desvarieux-cofondateur-du-groupe-kassav-est-mort-des-suites-de-covid-19\/\">Musique : Jacob Desvarieux, cofondateur du groupe Kassav est mort des suites de Covid-19<\/a> est apparu en premier sur <a rel=\"nofollow\" href=\"https:\/\/www.journalducameroun.com\/\">Journal du Cameroun<\/a>.<\/p>\n<\/div>\n<p>Auteur: Christian DJIMADEU<br \/>\n<a href=\"https:\/\/www.journalducameroun.com\/musique-jacob-desvarieux-cofondateur-du-groupe-kassav-est-mort-des-suites-de-covid-19\/\">Cliquez ici pour lire l&rsquo;article depuis sa source.<\/a><\/p>\n","protected":false},"excerpt":{"rendered":"<p>Plong\u00e9 dans le coma depuis plus d&rsquo;une semaine, l&rsquo;artiste a finalement rendu l&rsquo;\u00e2me ce 30 juillet 2021. Le monde de la musique en deuil. L&rsquo;artiste Jacob\u00a0 Desvarieux est mort. L&rsquo;artiste a fini un combat pour la vie, entam\u00e9 depuis le 12 juillet dernier. \u00ab Affect\u00e9 par la Covid 19 et sachant les risques encourus par [&hellip;]<\/p>\n","protected":false},"author":1965,"featured_media":0,"comment_status":"closed","ping_status":"closed","sticky":false,"template":"","format":"standard","meta":{"fifu_image_url":"https:\/\/www.journalducameroun.com\/wp-content\/uploads\/2021\/07\/jacob-desvarieux-toujours-hospitalise-kassav-annule-sa-tournee-d-automne.jpg","fifu_image_alt":"Musique : Jacob Desvarieux, cofondateur du groupe Kassav est mort des suites de Covid-19","footnotes":""},"categories":[73,82],"tags":[],"class_list":["post-122888","post","type-post","status-publish","format-standard","hentry","category-actualite","category-cameroun"],"_links":{"self":[{"href":"https:\/\/linitiative.ca\/International\/wp-json\/wp\/v2\/posts\/122888","targetHints":{"allow":["GET"]}}],"collection":[{"href":"https:\/\/linitiative.ca\/International\/wp-json\/wp\/v2\/posts"}],"about":[{"href":"https:\/\/linitiative.ca\/International\/wp-json\/wp\/v2\/types\/post"}],"author":[{"embeddable":true,"href":"https:\/\/linitiative.ca\/International\/wp-json\/wp\/v2\/users\/1965"}],"replies":[{"embeddable":true,"href":"https:\/\/linitiative.ca\/International\/wp-json\/wp\/v2\/comments?post=122888"}],"version-history":[{"count":0,"href":"https:\/\/linitiative.ca\/International\/wp-json\/wp\/v2\/posts\/122888\/revisions"}],"wp:attachment":[{"href":"https:\/\/linitiative.ca\/International\/wp-json\/wp\/v2\/media?parent=122888"}],"wp:term":[{"taxonomy":"category","embeddable":true,"href":"https:\/\/linitiative.ca\/International\/wp-json\/wp\/v2\/categories?post=122888"},{"taxonomy":"post_tag","embeddable":true,"href":"https:\/\/linitiative.ca\/International\/wp-json\/wp\/v2\/tags?post=122888"}],"curies":[{"name":"wp","href":"https:\/\/api.w.org\/{rel}","templated":true}]}}