{"id":122892,"date":"2021-07-31T07:18:02","date_gmt":"2021-07-31T11:18:02","guid":{"rendered":"https:\/\/linitiative.ca\/International\/la-gestion-de-crise-sanitaire-commentee-par-la-presse-marocaine\/"},"modified":"2021-07-31T07:18:02","modified_gmt":"2021-07-31T11:18:02","slug":"la-gestion-de-crise-sanitaire-commentee-par-la-presse-marocaine","status":"publish","type":"post","link":"https:\/\/linitiative.ca\/International\/la-gestion-de-crise-sanitaire-commentee-par-la-presse-marocaine\/","title":{"rendered":"La gestion de crise sanitaire comment\u00e9e par la presse marocaine"},"content":{"rendered":"<div>\n<p><img loading=\"lazy\" decoding=\"async\" width=\"287\" height=\"176\" src=\"https:\/\/linitiative.ca\/International\/wp-content\/uploads\/sites\/23\/2021\/07\/16277302825297.jpg\" class=\"attachment-post-thumbnail size-post-thumbnail wp-post-image\" alt=\"\"><\/p>\n<p>Les r\u00e9alisations accomplies par le Maroc \u00e0 l&rsquo;\u00e8re du coronavirus est le sujet principal trait\u00e9 par les hebdomadaires marocains parus ce samedi.+La Vie Eco+ \u00e9crit que dans son discours du Tr\u00f4ne de 2020, en pleine lutte contre la pand\u00e9mie, le Roi Mohammed VI se projetait d\u00e9j\u00e0 dans le futur en tra\u00e7ant les contours de la relance qui allait suivre, notamment le budget colossal de 120 milliards de DH et l&rsquo;instauration du Fonds Mohammed VI pour l&rsquo;investissement.<\/p>\n<p>Plus tard, d&rsquo;autres grandes initiatives royales ont litt\u00e9ralement propuls\u00e9 le Maroc dans son nouveau futur : fabrication des vaccins, transformation industrielle et digitale, protection sociale et restructuration des entreprises publiques, le tout dans le cadre plus global des orientations du Nouveau mod\u00e8le de d\u00e9veloppement, rappelle le journal.<\/p>\n<p>\u00ab Comme le d\u00e9montre clairement le Souverain par ses actes et ses initiatives, le Maroc n&rsquo;en est plus aujourd&rsquo;hui \u00e0 r\u00e9fl\u00e9chir au lendemain de la pand\u00e9mie mais v\u00e9ritablement \u00e0 ce qu&rsquo; il sera dans 15 ans \u00bb, fait-il remarquer.<\/p>\n<p>De son c\u00f4t\u00e9 +Finances News Hebdo+ soulign\u00e9 que le Royaume r\u00e9siste et tente de g\u00e9rer au mieux cette crise sanitaire.<\/p>\n<p>Des milliards de dirhams ont \u00e9t\u00e9 inject\u00e9s dans l&rsquo;\u00e9conomie pour soutenir les entreprises, les salari\u00e9s et les m\u00e9nages, rappelle la publication, ajoutant que les professionnels de la sant\u00e9 se sont tous mobilis\u00e9s pour accompagner, soigner les malades de la Covid-19 et r\u00e9ussir la campagne vaccinale.<\/p>\n<p>Le Maroc, comme tous les autres pays, a tir\u00e9 les bons enseignements de cette crise, assure l&rsquo;hebdomadaire, relevant qu&rsquo;il pr\u00e9pare s\u00e9rieusement sa souverainet\u00e9 \u00e9conomique et sanitaire.<\/p>\n<p>\u00ab C&rsquo;est le sens qu&rsquo;il faut donner \u00e0 la d\u00e9cision prise de substituer pr\u00e8s de 83 millions DH d&rsquo;importations par la production locale \u00bb, observe-t-il.<\/p>\n<p>Pour sa part, +Challenge+ rel\u00e8ve que contrairement \u00e0 d&rsquo;autres pays, totalement englu\u00e9s dans la gestion du Covid, le Maroc a mis en route des r\u00e9formes structurelles durant cette p\u00e9riode, notant que la d\u00e9concentration administrative, la r\u00e9forme des centres r\u00e9gionaux d&rsquo;investissement et la g\u00e9n\u00e9ralisation de la protection sociale, sont une projection essentielle dans l&rsquo;avenir.<\/p>\n<p>\u00ab Ce ne sont pas des r\u00e9formettes, mais de v\u00e9ritables r\u00e9volutions, affectant l&rsquo;\u00e9conomie, le social, la vie de tous les jours \u00bb, soutient la publication, faisant savoir que la g\u00e9n\u00e9ralisation de la protection sociale co\u00fbtera 27 milliards de dirhams par an au budget de l&rsquo;Etat.<\/p>\n<p>Cet article <a rel=\"nofollow\" href=\"https:\/\/www.journalducameroun.com\/la-gestion-de-crise-sanitaire-commentee-par-la-presse-marocaine\/\">La gestion de crise sanitaire comment\u00e9e par la presse marocaine<\/a> est apparu en premier sur <a rel=\"nofollow\" href=\"https:\/\/www.journalducameroun.com\/\">Journal du Cameroun<\/a>.<\/p>\n<\/div>\n<p>Auteur: APA News<br \/>\n<a href=\"https:\/\/www.journalducameroun.com\/la-gestion-de-crise-sanitaire-commentee-par-la-presse-marocaine\/\">Cliquez ici pour lire l&rsquo;article depuis sa source.<\/a><\/p>\n","protected":false},"excerpt":{"rendered":"<p>Les r\u00e9alisations accomplies par le Maroc \u00e0 l&rsquo;\u00e8re du coronavirus est le sujet principal trait\u00e9 par les hebdomadaires marocains parus ce samedi.+La Vie Eco+ \u00e9crit que dans son discours du Tr\u00f4ne de 2020, en pleine lutte contre la pand\u00e9mie, le Roi Mohammed VI se projetait d\u00e9j\u00e0 dans le futur en tra\u00e7ant les contours de la [&hellip;]<\/p>\n","protected":false},"author":1965,"featured_media":0,"comment_status":"closed","ping_status":"closed","sticky":false,"template":"","format":"standard","meta":{"fifu_image_url":"https:\/\/www.journalducameroun.com\/wp-content\/uploads\/2021\/07\/16277302825297.jpg","fifu_image_alt":"La gestion de crise sanitaire comment\u00e9e par la presse marocaine","footnotes":""},"categories":[73,82],"tags":[],"class_list":["post-122892","post","type-post","status-publish","format-standard","hentry","category-actualite","category-cameroun"],"_links":{"self":[{"href":"https:\/\/linitiative.ca\/International\/wp-json\/wp\/v2\/posts\/122892","targetHints":{"allow":["GET"]}}],"collection":[{"href":"https:\/\/linitiative.ca\/International\/wp-json\/wp\/v2\/posts"}],"about":[{"href":"https:\/\/linitiative.ca\/International\/wp-json\/wp\/v2\/types\/post"}],"author":[{"embeddable":true,"href":"https:\/\/linitiative.ca\/International\/wp-json\/wp\/v2\/users\/1965"}],"replies":[{"embeddable":true,"href":"https:\/\/linitiative.ca\/International\/wp-json\/wp\/v2\/comments?post=122892"}],"version-history":[{"count":0,"href":"https:\/\/linitiative.ca\/International\/wp-json\/wp\/v2\/posts\/122892\/revisions"}],"wp:attachment":[{"href":"https:\/\/linitiative.ca\/International\/wp-json\/wp\/v2\/media?parent=122892"}],"wp:term":[{"taxonomy":"category","embeddable":true,"href":"https:\/\/linitiative.ca\/International\/wp-json\/wp\/v2\/categories?post=122892"},{"taxonomy":"post_tag","embeddable":true,"href":"https:\/\/linitiative.ca\/International\/wp-json\/wp\/v2\/tags?post=122892"}],"curies":[{"name":"wp","href":"https:\/\/api.w.org\/{rel}","templated":true}]}}