{"id":122894,"date":"2021-07-31T14:23:25","date_gmt":"2021-07-31T18:23:25","guid":{"rendered":"https:\/\/linitiative.ca\/International\/ecomatin-participe-a-la-vulgarisation-des-donnees-statistiques\/"},"modified":"2021-07-31T14:23:25","modified_gmt":"2021-07-31T18:23:25","slug":"ecomatin-participe-a-la-vulgarisation-des-donnees-statistiques","status":"publish","type":"post","link":"https:\/\/linitiative.ca\/International\/ecomatin-participe-a-la-vulgarisation-des-donnees-statistiques\/","title":{"rendered":"EcoMatin participe \u00e0 la vulgarisation des donn\u00e9es statistiques"},"content":{"rendered":"<div>\n<p>Du 14 au 16 juillet 2021, l\u2019Institut national de la statistique (INS) a r\u00e9uni des Hommes de m\u00e9dias autour d\u2019un groupe de travail, charg\u00e9 de l\u2019\u00e9laboration et de la mise en \u0153uvre des m\u00e9canismes de vulgarisation de l\u2019information statistique officielle au sein des m\u00e9dias camerounais. Figurait en bonne place le journal EcoMatin, repr\u00e9sent\u00e9 par le chef de rubrique \u00ab Conjoncture \u00bb, Cindy Mbala Betine.<\/p>\n<p><strong>Lire aussi<\/strong> : <strong><a href=\"https:\/\/ecomatin.net\/joyeux-anniversaire-carine-marthe\/\">Joyeux anniversaire Carine Marthe!<\/a><\/strong><\/p>\n<p>Cette rencontre qui est la deuxi\u00e8me du genre, visait selon le Directeur g\u00e9n\u00e9ral de l\u2019INS, Joseph Tedou \u00e0 \u00ab renforcer les capacit\u00e9s des journalistes pour produire une information officielle, de qualit\u00e9 en direction du public cible \u00bb.<\/p>\n<p>Une exp\u00e9rience enrichissante pour le chef de rubrique, qui se dit satisfaite des diff\u00e9rents \u00e9changes qui ont eu lieu et de la d\u00e9marche entreprise par l\u2019INS visant \u00e0 promouvoir la culture de la donn\u00e9e statistique. \u00ab Durant ces trois jours \u00e0 l\u2019INS, cela m\u2019a permis d\u2019avoir une meilleure appr\u00e9ciation des donn\u00e9es statistiques. Pour moi qui suis un point de relai entre les donn\u00e9es de l\u2019INS et le public il \u00e9tait important que nous puissions nous comprendre. Vous conviendrez avec moi que, je ne suis pas statisticienne tout comme le public qui me lit, pour que celui-ci puisse comprendre ce dont on parle, il faudrait d\u00e9j\u00e0 \u00e0 la base que moi-m\u00eame je comprenne de quoi il est question \u00bb, a-t-elle, indiqu\u00e9.<\/p>\n<p><strong>Lire aussi<\/strong> : <strong><a href=\"https:\/\/ecomatin.net\/le-personnel-decomatin-celebre-le-8-mars\/\">Le personnel d\u2019EcoMatin c\u00e9l\u00e8bre le 8 mars<\/a><\/strong><\/p>\n<p>Pendant trois jours, les professionnels de m\u00e9dias ont \u00e9t\u00e9 \u00e9difi\u00e9s sur le processus de suivi de la Strat\u00e9gie nationale de d\u00e9veloppement (SND30), qui s\u2019adosse sur la Strat\u00e9gie nationale de d\u00e9veloppement de la statistique (SNDS30). Ceci \u00e0 travers 5 expos\u00e9s : suivi et \u00e9valuation de la mise en \u0153uvre de la SND30 ; rebassage des comptes nationaux et enjeux macro\u00e9conomiques dans le contexte de la SND30 ; contribution du RGE-3 (recensement g\u00e9n\u00e9ral des entreprises) dans la SND30 ; la contribution des enqu\u00eates Ecam5 (enqu\u00eate camerounaise aupr\u00e8s des m\u00e9nages) et Eessi3 (enqu\u00eate sur l\u2019emploi et le secteur informel) et enfin la collaboration INS-M\u00e9dias : diagnostic et perspectives pour un meilleur accompagnement dans le suivi de la SND30.<\/p>\n<p><strong>Lire aussi<\/strong> : <strong><a href=\"https:\/\/ecomatin.net\/le-siege-de-ecomatin-reprend-des-couleurs\/\">Le si\u00e8ge de EcoMatin reprend des couleurs<\/a><\/strong><\/p>\n<p>L\u2019article <a rel=\"nofollow\" href=\"https:\/\/ecomatin.net\/ecomatin-participe-a-la-vulgarisation-des-donnees-statistiques\/\">EcoMatin participe \u00e0 la vulgarisation des donn\u00e9es statistiques<\/a> est apparu en premier sur <a rel=\"nofollow\" href=\"https:\/\/ecomatin.net\/\">EcoMatin<\/a>.<\/p>\n<\/div>\n<p>Auteur: EcoMatin<br \/>\n<a href=\"https:\/\/ecomatin.net\/ecomatin-participe-a-la-vulgarisation-des-donnees-statistiques\/\">Cliquez ici pour lire l&rsquo;article depuis sa source.<\/a><\/p>\n","protected":false},"excerpt":{"rendered":"<p>Du 14 au 16 juillet 2021, l\u2019Institut national de la statistique (INS) a r\u00e9uni des Hommes de m\u00e9dias autour d\u2019un groupe de travail, charg\u00e9 de l\u2019\u00e9laboration et de la mise en \u0153uvre des m\u00e9canismes de vulgarisation de l\u2019information statistique officielle au sein des m\u00e9dias camerounais. Figurait en bonne place le journal EcoMatin, repr\u00e9sent\u00e9 par le [&hellip;]<\/p>\n","protected":false},"author":1969,"featured_media":0,"comment_status":"closed","ping_status":"closed","sticky":false,"template":"","format":"standard","meta":{"fifu_image_url":"","fifu_image_alt":"","footnotes":""},"categories":[82,78],"tags":[],"class_list":["post-122894","post","type-post","status-publish","format-standard","hentry","category-cameroun","category-economie"],"_links":{"self":[{"href":"https:\/\/linitiative.ca\/International\/wp-json\/wp\/v2\/posts\/122894","targetHints":{"allow":["GET"]}}],"collection":[{"href":"https:\/\/linitiative.ca\/International\/wp-json\/wp\/v2\/posts"}],"about":[{"href":"https:\/\/linitiative.ca\/International\/wp-json\/wp\/v2\/types\/post"}],"author":[{"embeddable":true,"href":"https:\/\/linitiative.ca\/International\/wp-json\/wp\/v2\/users\/1969"}],"replies":[{"embeddable":true,"href":"https:\/\/linitiative.ca\/International\/wp-json\/wp\/v2\/comments?post=122894"}],"version-history":[{"count":0,"href":"https:\/\/linitiative.ca\/International\/wp-json\/wp\/v2\/posts\/122894\/revisions"}],"wp:attachment":[{"href":"https:\/\/linitiative.ca\/International\/wp-json\/wp\/v2\/media?parent=122894"}],"wp:term":[{"taxonomy":"category","embeddable":true,"href":"https:\/\/linitiative.ca\/International\/wp-json\/wp\/v2\/categories?post=122894"},{"taxonomy":"post_tag","embeddable":true,"href":"https:\/\/linitiative.ca\/International\/wp-json\/wp\/v2\/tags?post=122894"}],"curies":[{"name":"wp","href":"https:\/\/api.w.org\/{rel}","templated":true}]}}